{"id":20218,"date":"2026-01-23T09:14:03","date_gmt":"2026-01-23T08:14:03","guid":{"rendered":"https:\/\/www.plaisance-citoyenne.fr\/site\/?p=20218"},"modified":"2026-02-18T20:19:46","modified_gmt":"2026-02-18T19:19:46","slug":"portrait-de-candidat-johan-vandyck","status":"publish","type":"post","link":"https:\/\/www.plaisance-citoyenne.fr\/site\/portrait-de-candidat-johan-vandyck\/","title":{"rendered":"Portrait de candidat : Johan Vandyck"},"content":{"rendered":"\n<p><strong>\ud83c\udfa5<\/strong>42 ans, <strong>p\u00e8re de deux grands enfants<\/strong> et heureux propri\u00e9taire d\u2019une chienne, Leica, Johan travaille depuis 15 ans dans les secteurs m\u00e9dico-social et social. Il a notamment longtemps travaill\u00e9 \u00e0 l\u2019IME Saint-Jean \u00e0 Plaisance. Aujourd\u2019hui, il est directeur adjoint dans un service d\u00e9partemental de la P<strong>rotection de l\u2019Enfance<\/strong> en milieu ouvert.\u00a0<\/p>\n\n\n\n<p><strong>Plaisan\u00e7ois depuis 2012<\/strong>, il a v\u00e9cu pr\u00e8s de la ferme de la B\u00e9gu\u00e8re avant de s\u2019installer au centre-ville. Ce qu\u2019il aime ici : <strong>le m\u00e9lange ville-campagne<\/strong>, les grands espaces verts et l\u2019acc\u00e8s \u00e0 des services publics de proximit\u00e9. \ud83c\udf33\ud83c\udfe1<\/p>\n\n\n\n<figure class=\"wp-block-video\"><video height=\"1920\" style=\"aspect-ratio: 1080 \/ 1920;\" width=\"1080\" controls src=\"https:\/\/www.plaisance-citoyenne.fr\/site\/wp-content\/uploads\/2026\/01\/Vido-portrait-Johan_.mp4\"><\/video><\/figure>\n","protected":false},"excerpt":{"rendered":"<p>\ud83c\udfa542 ans, p\u00e8re de deux grands enfants et heureux propri\u00e9taire d\u2019une chienne, Leica, Johan travaille depuis 15 ans dans les secteurs m\u00e9dico-social et social. Il a notamment longtemps travaill\u00e9 \u00e0 l\u2019IME Saint-Jean \u00e0 Plaisance. Aujourd\u2019hui, il est directeur adjoint dans un service d\u00e9partemental de la Protection de l\u2019Enfance en milieu [&hellip;]<\/p>\n","protected":false},"author":2,"featured_media":20222,"comment_status":"closed","ping_status":"closed","sticky":false,"template":"","format":"standard","meta":{"_jetpack_memberships_contains_paid_content":false,"footnotes":""},"categories":[2,8,518,517],"tags":[],"class_list":["post-20218","post","type-post","status-publish","format-standard","has-post-thumbnail","hentry","category-actu","category-election-municipales-2026","category-portrait-candidats","category-qui-sommes-nous"],"yoast_head":"<!-- This site is optimized with the Yoast SEO plugin v27.2 - https:\/\/yoast.com\/product\/yoast-seo-wordpress\/ -->\n<title>Portrait de candidat : Johan Vandyck - Plaisance Citoyenne<\/title>\n<meta name=\"robots\" content=\"index, follow, max-snippet:-1, max-image-preview:large, max-video-preview:-1\" \/>\n<link rel=\"canonical\" href=\"https:\/\/www.plaisance-citoyenne.fr\/site\/portrait-de-candidat-johan-vandyck\/\" \/>\n<meta property=\"og:locale\" content=\"fr_FR\" \/>\n<meta property=\"og:type\" content=\"article\" \/>\n<meta property=\"og:title\" content=\"Portrait de candidat : Johan Vandyck - Plaisance Citoyenne\" \/>\n<meta property=\"og:description\" content=\"\ud83c\udfa542 ans, p\u00e8re de deux grands enfants et heureux propri\u00e9taire d\u2019une chienne, Leica, Johan travaille depuis 15 ans dans les secteurs m\u00e9dico-social et social. Il a notamment longtemps travaill\u00e9 \u00e0 l\u2019IME Saint-Jean \u00e0 Plaisance. Aujourd\u2019hui, il est directeur adjoint dans un service d\u00e9partemental de la Protection de l\u2019Enfance en milieu [&hellip;]\" \/>\n<meta property=\"og:url\" content=\"https:\/\/www.plaisance-citoyenne.fr\/site\/portrait-de-candidat-johan-vandyck\/\" \/>\n<meta property=\"og:site_name\" content=\"Plaisance Citoyenne\" \/>\n<meta property=\"article:publisher\" content=\"https:\/\/www.facebook.com\/plaisancecitoyenne\/\" \/>\n<meta property=\"article:published_time\" content=\"2026-01-23T08:14:03+00:00\" \/>\n<meta property=\"article:modified_time\" content=\"2026-02-18T19:19:46+00:00\" \/>\n<meta property=\"og:image\" content=\"https:\/\/www.plaisance-citoyenne.fr\/site\/wp-content\/uploads\/2026\/01\/Photo-de-couverture-1.png\" \/>\n\t<meta property=\"og:image:width\" content=\"1080\" \/>\n\t<meta property=\"og:image:height\" content=\"1920\" \/>\n\t<meta property=\"og:image:type\" content=\"image\/png\" \/>\n<meta name=\"author\" content=\"Florence Queval\" \/>\n<meta name=\"twitter:card\" content=\"summary_large_image\" \/>\n<meta name=\"twitter:label1\" content=\"\u00c9crit par\" \/>\n\t<meta name=\"twitter:data1\" content=\"Florence Queval\" \/>\n\t<meta name=\"twitter:label2\" content=\"Dur\u00e9e de lecture estim\u00e9e\" \/>\n\t<meta name=\"twitter:data2\" content=\"1 minute\" \/>\n<script type=\"application\/ld+json\" class=\"yoast-schema-graph\">{\"@context\":\"https:\/\/schema.org\",\"@graph\":[{\"@type\":\"Article\",\"@id\":\"https:\/\/www.plaisance-citoyenne.fr\/site\/portrait-de-candidat-johan-vandyck\/#article\",\"isPartOf\":{\"@id\":\"https:\/\/www.plaisance-citoyenne.fr\/site\/portrait-de-candidat-johan-vandyck\/\"},\"author\":{\"name\":\"Florence Queval\",\"@id\":\"https:\/\/www.plaisance-citoyenne.fr\/site\/#\/schema\/person\/febefe92cdf4286c3befa09ac37719d9\"},\"headline\":\"Portrait de candidat : Johan Vandyck\",\"datePublished\":\"2026-01-23T08:14:03+00:00\",\"dateModified\":\"2026-02-18T19:19:46+00:00\",\"mainEntityOfPage\":{\"@id\":\"https:\/\/www.plaisance-citoyenne.fr\/site\/portrait-de-candidat-johan-vandyck\/\"},\"wordCount\":105,\"publisher\":{\"@id\":\"https:\/\/www.plaisance-citoyenne.fr\/site\/#organization\"},\"image\":{\"@id\":\"https:\/\/www.plaisance-citoyenne.fr\/site\/portrait-de-candidat-johan-vandyck\/#primaryimage\"},\"thumbnailUrl\":\"https:\/\/www.plaisance-citoyenne.fr\/site\/wp-content\/uploads\/2026\/01\/Photo-de-couverture-1.png\",\"articleSection\":[\"Actualit\u00e9s\",\"\u00c9lections municipales 2026\",\"Portraits de candidats\",\"Qui sommes-nous ?\"],\"inLanguage\":\"fr-FR\"},{\"@type\":\"WebPage\",\"@id\":\"https:\/\/www.plaisance-citoyenne.fr\/site\/portrait-de-candidat-johan-vandyck\/\",\"url\":\"https:\/\/www.plaisance-citoyenne.fr\/site\/portrait-de-candidat-johan-vandyck\/\",\"name\":\"Portrait de candidat : Johan Vandyck - Plaisance Citoyenne\",\"isPartOf\":{\"@id\":\"https:\/\/www.plaisance-citoyenne.fr\/site\/#website\"},\"primaryImageOfPage\":{\"@id\":\"https:\/\/www.plaisance-citoyenne.fr\/site\/portrait-de-candidat-johan-vandyck\/#primaryimage\"},\"image\":{\"@id\":\"https:\/\/www.plaisance-citoyenne.fr\/site\/portrait-de-candidat-johan-vandyck\/#primaryimage\"},\"thumbnailUrl\":\"https:\/\/www.plaisance-citoyenne.fr\/site\/wp-content\/uploads\/2026\/01\/Photo-de-couverture-1.png\",\"datePublished\":\"2026-01-23T08:14:03+00:00\",\"dateModified\":\"2026-02-18T19:19:46+00:00\",\"breadcrumb\":{\"@id\":\"https:\/\/www.plaisance-citoyenne.fr\/site\/portrait-de-candidat-johan-vandyck\/#breadcrumb\"},\"inLanguage\":\"fr-FR\",\"potentialAction\":[{\"@type\":\"ReadAction\",\"target\":[\"https:\/\/www.plaisance-citoyenne.fr\/site\/portrait-de-candidat-johan-vandyck\/\"]}]},{\"@type\":\"ImageObject\",\"inLanguage\":\"fr-FR\",\"@id\":\"https:\/\/www.plaisance-citoyenne.fr\/site\/portrait-de-candidat-johan-vandyck\/#primaryimage\",\"url\":\"https:\/\/www.plaisance-citoyenne.fr\/site\/wp-content\/uploads\/2026\/01\/Photo-de-couverture-1.png\",\"contentUrl\":\"https:\/\/www.plaisance-citoyenne.fr\/site\/wp-content\/uploads\/2026\/01\/Photo-de-couverture-1.png\",\"width\":1080,\"height\":1920},{\"@type\":\"BreadcrumbList\",\"@id\":\"https:\/\/www.plaisance-citoyenne.fr\/site\/portrait-de-candidat-johan-vandyck\/#breadcrumb\",\"itemListElement\":[{\"@type\":\"ListItem\",\"position\":1,\"name\":\"Accueil\",\"item\":\"https:\/\/www.plaisance-citoyenne.fr\/site\/\"},{\"@type\":\"ListItem\",\"position\":2,\"name\":\"Portrait de candidat : Johan Vandyck\"}]},{\"@type\":\"WebSite\",\"@id\":\"https:\/\/www.plaisance-citoyenne.fr\/site\/#website\",\"url\":\"https:\/\/www.plaisance-citoyenne.fr\/site\/\",\"name\":\"Plaisance Citoyenne\",\"description\":\"Et si demain on changeait de gouvernance ?\",\"publisher\":{\"@id\":\"https:\/\/www.plaisance-citoyenne.fr\/site\/#organization\"},\"potentialAction\":[{\"@type\":\"SearchAction\",\"target\":{\"@type\":\"EntryPoint\",\"urlTemplate\":\"https:\/\/www.plaisance-citoyenne.fr\/site\/?s={search_term_string}\"},\"query-input\":{\"@type\":\"PropertyValueSpecification\",\"valueRequired\":true,\"valueName\":\"search_term_string\"}}],\"inLanguage\":\"fr-FR\"},{\"@type\":\"Organization\",\"@id\":\"https:\/\/www.plaisance-citoyenne.fr\/site\/#organization\",\"name\":\"Plaisance Citoyenne\",\"url\":\"https:\/\/www.plaisance-citoyenne.fr\/site\/\",\"logo\":{\"@type\":\"ImageObject\",\"inLanguage\":\"fr-FR\",\"@id\":\"https:\/\/www.plaisance-citoyenne.fr\/site\/#\/schema\/logo\/image\/\",\"url\":\"https:\/\/www.plaisance-citoyenne.fr\/site\/wp-content\/uploads\/2025\/08\/cropped-logo-1.png\",\"contentUrl\":\"https:\/\/www.plaisance-citoyenne.fr\/site\/wp-content\/uploads\/2025\/08\/cropped-logo-1.png\",\"width\":512,\"height\":341,\"caption\":\"Plaisance Citoyenne\"},\"image\":{\"@id\":\"https:\/\/www.plaisance-citoyenne.fr\/site\/#\/schema\/logo\/image\/\"},\"sameAs\":[\"https:\/\/www.facebook.com\/plaisancecitoyenne\/\",\"https:\/\/www.instagram.com\/plaisancecitoyenne\/\"]},{\"@type\":\"Person\",\"@id\":\"https:\/\/www.plaisance-citoyenne.fr\/site\/#\/schema\/person\/febefe92cdf4286c3befa09ac37719d9\",\"name\":\"Florence Queval\",\"image\":{\"@type\":\"ImageObject\",\"inLanguage\":\"fr-FR\",\"@id\":\"https:\/\/secure.gravatar.com\/avatar\/569e9b17b7a28e4528619a4f1c0cd29a90939a8ad8974802da60f734e2a4c932?s=96&d=mm&r=g\",\"url\":\"https:\/\/secure.gravatar.com\/avatar\/569e9b17b7a28e4528619a4f1c0cd29a90939a8ad8974802da60f734e2a4c932?s=96&d=mm&r=g\",\"contentUrl\":\"https:\/\/secure.gravatar.com\/avatar\/569e9b17b7a28e4528619a4f1c0cd29a90939a8ad8974802da60f734e2a4c932?s=96&d=mm&r=g\",\"caption\":\"Florence Queval\"},\"url\":\"https:\/\/www.plaisance-citoyenne.fr\/site\/author\/florencequeval\/\"}]}<\/script>\n<!-- \/ Yoast SEO plugin. -->","yoast_head_json":{"title":"Portrait de candidat : Johan Vandyck - Plaisance Citoyenne","robots":{"index":"index","follow":"follow","max-snippet":"max-snippet:-1","max-image-preview":"max-image-preview:large","max-video-preview":"max-video-preview:-1"},"canonical":"https:\/\/www.plaisance-citoyenne.fr\/site\/portrait-de-candidat-johan-vandyck\/","og_locale":"fr_FR","og_type":"article","og_title":"Portrait de candidat : Johan Vandyck - Plaisance Citoyenne","og_description":"\ud83c\udfa542 ans, p\u00e8re de deux grands enfants et heureux propri\u00e9taire d\u2019une chienne, Leica, Johan travaille depuis 15 ans dans les secteurs m\u00e9dico-social et social. Il a notamment longtemps travaill\u00e9 \u00e0 l\u2019IME Saint-Jean \u00e0 Plaisance. Aujourd\u2019hui, il est directeur adjoint dans un service d\u00e9partemental de la Protection de l\u2019Enfance en milieu [&hellip;]","og_url":"https:\/\/www.plaisance-citoyenne.fr\/site\/portrait-de-candidat-johan-vandyck\/","og_site_name":"Plaisance Citoyenne","article_publisher":"https:\/\/www.facebook.com\/plaisancecitoyenne\/","article_published_time":"2026-01-23T08:14:03+00:00","article_modified_time":"2026-02-18T19:19:46+00:00","og_image":[{"width":1080,"height":1920,"url":"https:\/\/www.plaisance-citoyenne.fr\/site\/wp-content\/uploads\/2026\/01\/Photo-de-couverture-1.png","type":"image\/png"}],"author":"Florence Queval","twitter_card":"summary_large_image","twitter_misc":{"\u00c9crit par":"Florence Queval","Dur\u00e9e de lecture estim\u00e9e":"1 minute"},"schema":{"@context":"https:\/\/schema.org","@graph":[{"@type":"Article","@id":"https:\/\/www.plaisance-citoyenne.fr\/site\/portrait-de-candidat-johan-vandyck\/#article","isPartOf":{"@id":"https:\/\/www.plaisance-citoyenne.fr\/site\/portrait-de-candidat-johan-vandyck\/"},"author":{"name":"Florence Queval","@id":"https:\/\/www.plaisance-citoyenne.fr\/site\/#\/schema\/person\/febefe92cdf4286c3befa09ac37719d9"},"headline":"Portrait de candidat : Johan Vandyck","datePublished":"2026-01-23T08:14:03+00:00","dateModified":"2026-02-18T19:19:46+00:00","mainEntityOfPage":{"@id":"https:\/\/www.plaisance-citoyenne.fr\/site\/portrait-de-candidat-johan-vandyck\/"},"wordCount":105,"publisher":{"@id":"https:\/\/www.plaisance-citoyenne.fr\/site\/#organization"},"image":{"@id":"https:\/\/www.plaisance-citoyenne.fr\/site\/portrait-de-candidat-johan-vandyck\/#primaryimage"},"thumbnailUrl":"https:\/\/www.plaisance-citoyenne.fr\/site\/wp-content\/uploads\/2026\/01\/Photo-de-couverture-1.png","articleSection":["Actualit\u00e9s","\u00c9lections municipales 2026","Portraits de candidats","Qui sommes-nous ?"],"inLanguage":"fr-FR"},{"@type":"WebPage","@id":"https:\/\/www.plaisance-citoyenne.fr\/site\/portrait-de-candidat-johan-vandyck\/","url":"https:\/\/www.plaisance-citoyenne.fr\/site\/portrait-de-candidat-johan-vandyck\/","name":"Portrait de candidat : Johan Vandyck - Plaisance Citoyenne","isPartOf":{"@id":"https:\/\/www.plaisance-citoyenne.fr\/site\/#website"},"primaryImageOfPage":{"@id":"https:\/\/www.plaisance-citoyenne.fr\/site\/portrait-de-candidat-johan-vandyck\/#primaryimage"},"image":{"@id":"https:\/\/www.plaisance-citoyenne.fr\/site\/portrait-de-candidat-johan-vandyck\/#primaryimage"},"thumbnailUrl":"https:\/\/www.plaisance-citoyenne.fr\/site\/wp-content\/uploads\/2026\/01\/Photo-de-couverture-1.png","datePublished":"2026-01-23T08:14:03+00:00","dateModified":"2026-02-18T19:19:46+00:00","breadcrumb":{"@id":"https:\/\/www.plaisance-citoyenne.fr\/site\/portrait-de-candidat-johan-vandyck\/#breadcrumb"},"inLanguage":"fr-FR","potentialAction":[{"@type":"ReadAction","target":["https:\/\/www.plaisance-citoyenne.fr\/site\/portrait-de-candidat-johan-vandyck\/"]}]},{"@type":"ImageObject","inLanguage":"fr-FR","@id":"https:\/\/www.plaisance-citoyenne.fr\/site\/portrait-de-candidat-johan-vandyck\/#primaryimage","url":"https:\/\/www.plaisance-citoyenne.fr\/site\/wp-content\/uploads\/2026\/01\/Photo-de-couverture-1.png","contentUrl":"https:\/\/www.plaisance-citoyenne.fr\/site\/wp-content\/uploads\/2026\/01\/Photo-de-couverture-1.png","width":1080,"height":1920},{"@type":"BreadcrumbList","@id":"https:\/\/www.plaisance-citoyenne.fr\/site\/portrait-de-candidat-johan-vandyck\/#breadcrumb","itemListElement":[{"@type":"ListItem","position":1,"name":"Accueil","item":"https:\/\/www.plaisance-citoyenne.fr\/site\/"},{"@type":"ListItem","position":2,"name":"Portrait de candidat : Johan Vandyck"}]},{"@type":"WebSite","@id":"https:\/\/www.plaisance-citoyenne.fr\/site\/#website","url":"https:\/\/www.plaisance-citoyenne.fr\/site\/","name":"Plaisance Citoyenne","description":"Et si demain on changeait de gouvernance ?","publisher":{"@id":"https:\/\/www.plaisance-citoyenne.fr\/site\/#organization"},"potentialAction":[{"@type":"SearchAction","target":{"@type":"EntryPoint","urlTemplate":"https:\/\/www.plaisance-citoyenne.fr\/site\/?s={search_term_string}"},"query-input":{"@type":"PropertyValueSpecification","valueRequired":true,"valueName":"search_term_string"}}],"inLanguage":"fr-FR"},{"@type":"Organization","@id":"https:\/\/www.plaisance-citoyenne.fr\/site\/#organization","name":"Plaisance Citoyenne","url":"https:\/\/www.plaisance-citoyenne.fr\/site\/","logo":{"@type":"ImageObject","inLanguage":"fr-FR","@id":"https:\/\/www.plaisance-citoyenne.fr\/site\/#\/schema\/logo\/image\/","url":"https:\/\/www.plaisance-citoyenne.fr\/site\/wp-content\/uploads\/2025\/08\/cropped-logo-1.png","contentUrl":"https:\/\/www.plaisance-citoyenne.fr\/site\/wp-content\/uploads\/2025\/08\/cropped-logo-1.png","width":512,"height":341,"caption":"Plaisance Citoyenne"},"image":{"@id":"https:\/\/www.plaisance-citoyenne.fr\/site\/#\/schema\/logo\/image\/"},"sameAs":["https:\/\/www.facebook.com\/plaisancecitoyenne\/","https:\/\/www.instagram.com\/plaisancecitoyenne\/"]},{"@type":"Person","@id":"https:\/\/www.plaisance-citoyenne.fr\/site\/#\/schema\/person\/febefe92cdf4286c3befa09ac37719d9","name":"Florence Queval","image":{"@type":"ImageObject","inLanguage":"fr-FR","@id":"https:\/\/secure.gravatar.com\/avatar\/569e9b17b7a28e4528619a4f1c0cd29a90939a8ad8974802da60f734e2a4c932?s=96&d=mm&r=g","url":"https:\/\/secure.gravatar.com\/avatar\/569e9b17b7a28e4528619a4f1c0cd29a90939a8ad8974802da60f734e2a4c932?s=96&d=mm&r=g","contentUrl":"https:\/\/secure.gravatar.com\/avatar\/569e9b17b7a28e4528619a4f1c0cd29a90939a8ad8974802da60f734e2a4c932?s=96&d=mm&r=g","caption":"Florence Queval"},"url":"https:\/\/www.plaisance-citoyenne.fr\/site\/author\/florencequeval\/"}]}},"jetpack_featured_media_url":"https:\/\/www.plaisance-citoyenne.fr\/site\/wp-content\/uploads\/2026\/01\/Photo-de-couverture-1.png","jetpack_sharing_enabled":true,"_links":{"self":[{"href":"https:\/\/www.plaisance-citoyenne.fr\/site\/wp-json\/wp\/v2\/posts\/20218","targetHints":{"allow":["GET"]}}],"collection":[{"href":"https:\/\/www.plaisance-citoyenne.fr\/site\/wp-json\/wp\/v2\/posts"}],"about":[{"href":"https:\/\/www.plaisance-citoyenne.fr\/site\/wp-json\/wp\/v2\/types\/post"}],"author":[{"embeddable":true,"href":"https:\/\/www.plaisance-citoyenne.fr\/site\/wp-json\/wp\/v2\/users\/2"}],"replies":[{"embeddable":true,"href":"https:\/\/www.plaisance-citoyenne.fr\/site\/wp-json\/wp\/v2\/comments?post=20218"}],"version-history":[{"count":2,"href":"https:\/\/www.plaisance-citoyenne.fr\/site\/wp-json\/wp\/v2\/posts\/20218\/revisions"}],"predecessor-version":[{"id":20230,"href":"https:\/\/www.plaisance-citoyenne.fr\/site\/wp-json\/wp\/v2\/posts\/20218\/revisions\/20230"}],"wp:featuredmedia":[{"embeddable":true,"href":"https:\/\/www.plaisance-citoyenne.fr\/site\/wp-json\/wp\/v2\/media\/20222"}],"wp:attachment":[{"href":"https:\/\/www.plaisance-citoyenne.fr\/site\/wp-json\/wp\/v2\/media?parent=20218"}],"wp:term":[{"taxonomy":"category","embeddable":true,"href":"https:\/\/www.plaisance-citoyenne.fr\/site\/wp-json\/wp\/v2\/categories?post=20218"},{"taxonomy":"post_tag","embeddable":true,"href":"https:\/\/www.plaisance-citoyenne.fr\/site\/wp-json\/wp\/v2\/tags?post=20218"}],"curies":[{"name":"wp","href":"https:\/\/api.w.org\/{rel}","templated":true}]}}