{"id":20775,"date":"2026-03-19T00:57:17","date_gmt":"2026-03-18T23:57:17","guid":{"rendered":"https:\/\/www.plaisance-citoyenne.fr\/site\/?p=20775"},"modified":"2026-03-20T12:25:16","modified_gmt":"2026-03-20T11:25:16","slug":"notre-2nd-meeting-de-campagne-en-image-nos-dix-delegations","status":"publish","type":"post","link":"https:\/\/www.plaisance-citoyenne.fr\/site\/notre-2nd-meeting-de-campagne-en-image-nos-dix-delegations\/","title":{"rendered":"Notre second meeting de campagne en image : nos dix d\u00e9l\u00e9gations"},"content":{"rendered":"\n<p>Notre second meeting, le16 mars 2026, a \u00e9t\u00e9 l&rsquo;occasion pour nous de pr\u00e9senter les dix d\u00e9l\u00e9gations que nous avons cr\u00e9\u00e9es, qui nous permettront de travailler sur tous les sujets municipaux. Elles donneront lieu \u00e0 l&rsquo;\u00e9lection de nos dix adjoints.<\/p>\n\n\n\n<!--more-->\n\n\n\n<p><strong><a href=\"https:\/\/www.youtube.com\/watch?v=zaeiavmSI_8\" type=\"link\" id=\"https:\/\/www.youtube.com\/watch?v=zaeiavmSI_8\">Gouvernance partag\u00e9e, engagement citoyen, personnel municipal et dialogue social<\/a><\/strong><\/p>\n\n\n\n<figure class=\"wp-block-embed is-type-video is-provider-youtube wp-block-embed-youtube wp-embed-aspect-16-9 wp-has-aspect-ratio\"><div class=\"wp-block-embed__wrapper\">\n<iframe loading=\"lazy\" title=\"Meeting Plaisance Citoyenne du 16 mars : D\u00e9l\u00e9gation gouvernance partag\u00e9e\" width=\"750\" height=\"422\" src=\"https:\/\/www.youtube.com\/embed\/zaeiavmSI_8?start=27&#038;feature=oembed\" frameborder=\"0\" allow=\"accelerometer; autoplay; clipboard-write; encrypted-media; gyroscope; picture-in-picture; web-share\" referrerpolicy=\"strict-origin-when-cross-origin\" allowfullscreen><\/iframe>\n<\/div><\/figure>\n\n\n\n<ol class=\"wp-block-list\">\n<li>Mise en place de nos outils de gouvernance partag\u00e9e<\/li>\n<\/ol>\n\n\n\n<p>2. Bon d\u00e9roulement des conseils municipaux<\/p>\n\n\n\n<p>3. Pilotage de la cr\u00e9ation d&rsquo;une maison de la citoyennet\u00e9<\/p>\n\n\n\n<p>4. Garant de la qualit\u00e9 de vie au travail des agents municipaux<\/p>\n\n\n\n<p>5.\u00a0\u00a0Participation aux proc\u00e9dures de recrutement<\/p>\n\n\n\n<p>6.\u00a0\u00a0Mise en \u0153uvre et suivi de la protection contre les risques professionnels<\/p>\n\n\n\n<p>7.\u00a0\u00a0Proposition et suivi de formations continues<\/p>\n\n\n\n<p><strong><a href=\"https:\/\/www.youtube.com\/watch?v=VhCAJYChxik\">Budget et finances<\/a><\/strong><\/p>\n\n\n\n<figure class=\"wp-block-embed is-type-video is-provider-youtube wp-block-embed-youtube wp-embed-aspect-16-9 wp-has-aspect-ratio\"><div class=\"wp-block-embed__wrapper\">\n<iframe loading=\"lazy\" title=\"Meeting Plaisance Citoyenne du 16 mars : D\u00e9l\u00e9gation Budget et finances\" width=\"750\" height=\"422\" src=\"https:\/\/www.youtube.com\/embed\/VhCAJYChxik?start=80&#038;feature=oembed\" frameborder=\"0\" allow=\"accelerometer; autoplay; clipboard-write; encrypted-media; gyroscope; picture-in-picture; web-share\" referrerpolicy=\"strict-origin-when-cross-origin\" allowfullscreen><\/iframe>\n<\/div><\/figure>\n\n\n\n<p>En lien \u00e9troit avec le responsable de la recherche de fonds que nous allons embaucher<\/p>\n\n\n\n<p>1. Pr\u00e9paration du d\u00e9bat d&rsquo;orientation budg\u00e9taire<\/p>\n\n\n\n<p>2. Pr\u00e9paration et suivi du budget principal et annexe<\/p>\n\n\n\n<p>3. Suivi des demandes de subventions<\/p>\n\n\n\n<p>4. Suivi du plan de programmation pluriannuelle des investissements<\/p>\n\n\n\n<p>5. Gestion des emprunts<\/p>\n\n\n\n<p><strong><a href=\"https:\/\/www.youtube.com\/watch?v=xpv1RGLx3O4\">Biodiversit\u00e9, v\u00e9g\u00e9talisation, transition \u00e9cologique et alimentaire<\/a><\/strong><\/p>\n\n\n\n<figure class=\"wp-block-embed is-type-video is-provider-youtube wp-block-embed-youtube wp-embed-aspect-16-9 wp-has-aspect-ratio\"><div class=\"wp-block-embed__wrapper\">\n<iframe loading=\"lazy\" title=\"Meeting Plaisance Citoyenne du 16 mars : D\u00e9l\u00e9gation Bio diversit\u00e9\" width=\"750\" height=\"422\" src=\"https:\/\/www.youtube.com\/embed\/xpv1RGLx3O4?start=66&#038;feature=oembed\" frameborder=\"0\" allow=\"accelerometer; autoplay; clipboard-write; encrypted-media; gyroscope; picture-in-picture; web-share\" referrerpolicy=\"strict-origin-when-cross-origin\" allowfullscreen><\/iframe>\n<\/div><\/figure>\n\n\n\n<p>1.Suivi des questions relatives \u00e0 l&rsquo;environnement et \u00e0 la biodiversit\u00e9<\/p>\n\n\n\n<p>2.Protection des sites naturels<\/p>\n\n\n\n<p>3.Suivi du plan climat air \u00e9nergie territorial (PCAET =&gt; GOT)<\/p>\n\n\n\n<p>4.R\u00e9duction des gaz \u00e0 effet de serre et de l&#8217;empreinte carbone<\/p>\n\n\n\n<p>5.Communication des donn\u00e9es environnementales requises r\u00e9glementairement<\/p>\n\n\n\n<p>6.Suivi et la gestion des terres agricoles de la commune<\/p>\n\n\n\n<p>7.Projet de r\u00e9alisation d&rsquo;une ferme urbaine en agriculture bio<\/p>\n\n\n\n<p>8.Gestion de l&rsquo;eau concernant les lacs et les cours d&rsquo;eau de la commune<\/p>\n\n\n\n<p><strong><a href=\"https:\/\/www.youtube.com\/watch?v=wVkG86wg5_Y\">M\u00e9diation et tranquillit\u00e9 publique (s\u00e9curit\u00e9)&nbsp;<\/a><\/strong><\/p>\n\n\n\n<figure class=\"wp-block-embed is-type-video is-provider-youtube wp-block-embed-youtube wp-embed-aspect-16-9 wp-has-aspect-ratio\"><div class=\"wp-block-embed__wrapper\">\n<iframe loading=\"lazy\" title=\"Meeting Plaisance Citoyenne du 16 mars : D\u00e9l\u00e9gation M\u00e9diation\" width=\"750\" height=\"422\" src=\"https:\/\/www.youtube.com\/embed\/wVkG86wg5_Y?start=79&#038;feature=oembed\" frameborder=\"0\" allow=\"accelerometer; autoplay; clipboard-write; encrypted-media; gyroscope; picture-in-picture; web-share\" referrerpolicy=\"strict-origin-when-cross-origin\" allowfullscreen><\/iframe>\n<\/div><\/figure>\n\n\n\n<p>1.Relations avec la police municipale<\/p>\n\n\n\n<p>2.Relations villes \/ gendarmerie \/ justice<\/p>\n\n\n\n<p>3.Mise en \u0153uvre<\/p>\n\n\n\n<p>4. des cam\u00e9ras<\/p>\n\n\n\n<p>5.Nuisances sonores<\/p>\n\n\n\n<p>6.Lutte contre tous les types de pollutions<\/p>\n\n\n\n<p>7.Propret\u00e9 de la ville<\/p>\n\n\n\n<p><strong><a href=\"https:\/\/www.youtube.com\/watch?v=X0EpW0oWxMw\" type=\"link\" id=\"https:\/\/www.youtube.com\/watch?v=X0EpW0oWxMw\">Petite enfance, enfance, jeunesse et parentalit\u00e9<\/a><\/strong><\/p>\n\n\n\n<figure class=\"wp-block-embed is-type-video is-provider-youtube wp-block-embed-youtube wp-embed-aspect-16-9 wp-has-aspect-ratio\"><div class=\"wp-block-embed__wrapper\">\n<iframe loading=\"lazy\" title=\"Meeting Plaisance Citoyenne du 16 mars : D\u00e9l\u00e9gation petite enfance\" width=\"750\" height=\"422\" src=\"https:\/\/www.youtube.com\/embed\/X0EpW0oWxMw?start=7&#038;feature=oembed\" frameborder=\"0\" allow=\"accelerometer; autoplay; clipboard-write; encrypted-media; gyroscope; picture-in-picture; web-share\" referrerpolicy=\"strict-origin-when-cross-origin\" allowfullscreen><\/iframe>\n<\/div><\/figure>\n\n\n\n<p>1. Politique petite enfance et parentalit\u00e9, dans le cadre de la mise en \u0153uvre du Service Public de la Petite Enfance (SPPE)<\/p>\n\n\n\n<p>2. Politiques \u00e9ducatives au sein des \u00e9coles maternelles et \u00e9l\u00e9mentaires, via l\u2019\u00e9laboration et la mise en \u0153uvre du Projet Educatif de Territoire (PEdT)<\/p>\n\n\n\n<p>3. Politique jeunesse (suivi des projets et actions mises en place, collaboration avec les coll\u00e8ges)<\/p>\n\n\n\n<p>4. Pour tous les domaines : suivi des partenariats institutionnels, associatifs\u2026<\/p>\n\n\n\n<p><strong><a href=\"https:\/\/www.youtube.com\/watch?v=LHLUvjYE5Dw\">Lien social : anciens combattants, vie associative, s\u00e9niors, sport<\/a><\/strong><\/p>\n\n\n\n<figure class=\"wp-block-embed is-type-video is-provider-youtube wp-block-embed-youtube wp-embed-aspect-16-9 wp-has-aspect-ratio\"><div class=\"wp-block-embed__wrapper\">\n<iframe loading=\"lazy\" title=\"Meeting Plaisance Citoyenne du 16 mars : D\u00e9l\u00e9gation lien social\" width=\"750\" height=\"422\" src=\"https:\/\/www.youtube.com\/embed\/LHLUvjYE5Dw?feature=oembed\" frameborder=\"0\" allow=\"accelerometer; autoplay; clipboard-write; encrypted-media; gyroscope; picture-in-picture; web-share\" referrerpolicy=\"strict-origin-when-cross-origin\" allowfullscreen><\/iframe>\n<\/div><\/figure>\n\n\n\n<p>1.Relations avec le milieu associatif (loisirs, s\u00e9niors, environnement, sport\u2026)<\/p>\n\n\n\n<p>2.Relation avec l&rsquo;association des anciens combattants<\/p>\n\n\n\n<p>3.D\u00e9veloppement et suivi de la politique sportive<\/p>\n\n\n\n<p>4.Repr\u00e9sentation de la Ville aux assembl\u00e9es g\u00e9n\u00e9rales et aux manifestations organis\u00e9es par les associations<\/p>\n\n\n\n<p>5.Suivi des demandes de financement formul\u00e9es par les associations<\/p>\n\n\n\n<p><strong><a href=\"https:\/\/www.youtube.com\/watch?v=uj8ZtJatzfs\" type=\"link\" id=\"https:\/\/www.youtube.com\/watch?v=uj8ZtJatzfs\">Travaux et transition \u00e9nerg\u00e9tique : patrimoine, pr\u00e9vention des risques naturels, voieries, r\u00e9seaux<\/a><\/strong><\/p>\n\n\n\n<figure class=\"wp-block-embed is-type-video is-provider-youtube wp-block-embed-youtube wp-embed-aspect-16-9 wp-has-aspect-ratio\"><div class=\"wp-block-embed__wrapper\">\n<iframe loading=\"lazy\" title=\"Meeting Plaisance Citoyenne du 16 mars : D\u00e9l\u00e9gation transition \u00e9nerg\u00e9tique\" width=\"750\" height=\"422\" src=\"https:\/\/www.youtube.com\/embed\/uj8ZtJatzfs?start=6&#038;feature=oembed\" frameborder=\"0\" allow=\"accelerometer; autoplay; clipboard-write; encrypted-media; gyroscope; picture-in-picture; web-share\" referrerpolicy=\"strict-origin-when-cross-origin\" allowfullscreen><\/iframe>\n<\/div><\/figure>\n\n\n\n<p>1.Entretien, mise en s\u00e9curit\u00e9 et r\u00e9paration des b\u00e2timents communaux<\/p>\n\n\n\n<p>2.R\u00e9novation \u00e9nerg\u00e9tique, r\u00e9alisation d\u2019\u00e9conomies<\/p>\n\n\n\n<p>3.Relation avec les op\u00e9rateurs de r\u00e9seau<\/p>\n\n\n\n<p>4.Suivi des r\u00e9seaux d&rsquo;eau et d&rsquo;assainissement<\/p>\n\n\n\n<p>5.Suivi des questions relatives \u00e0 l&rsquo;\u00e9lectricit\u00e9 et au gaz<\/p>\n\n\n\n<p>6.Relations avec le SDEHG (Syndicat d\u00e9partemental de l&rsquo;\u00e9nergie de la Haute-Garonne)<\/p>\n\n\n\n<p>7.Gestion et suivi des op\u00e9rations de maintenance et des travaux de voirie et des abords<\/p>\n\n\n\n<p>8.Signalisation des emplacements sp\u00e9cifiques de stationnement<\/p>\n\n\n\n<p><strong><a href=\"https:\/\/www.youtube.com\/watch?v=1cIf-GKKqTE\">Am\u00e9nagement du territoire, urbanisme, logement et mobilit\u00e9<\/a><\/strong><\/p>\n\n\n\n<figure class=\"wp-block-embed is-type-video is-provider-youtube wp-block-embed-youtube wp-embed-aspect-16-9 wp-has-aspect-ratio\"><div class=\"wp-block-embed__wrapper\">\n<iframe loading=\"lazy\" title=\"Meeting Plaisance Citoyenne du 16 mars : D\u00e9l\u00e9gation am\u00e9nagement du territoire\" width=\"750\" height=\"422\" src=\"https:\/\/www.youtube.com\/embed\/1cIf-GKKqTE?start=9&#038;feature=oembed\" frameborder=\"0\" allow=\"accelerometer; autoplay; clipboard-write; encrypted-media; gyroscope; picture-in-picture; web-share\" referrerpolicy=\"strict-origin-when-cross-origin\" allowfullscreen><\/iframe>\n<\/div><\/figure>\n\n\n\n<p>1.Elaboration et gestion des op\u00e9rations d&rsquo;urbanisme<\/p>\n\n\n\n<p>2.Relations avec les am\u00e9nageurs et les promoteurs<\/p>\n\n\n\n<p>3.Relations avec le GOT pour l&rsquo;exercice des comp\u00e9tences transf\u00e9r\u00e9es (PLUIH)<\/p>\n\n\n\n<p>4.Suivi des contentieux li\u00e9s \u00e0 l&rsquo;urbanisme<\/p>\n\n\n\n<p>5.Pilotage de la politique du logement<\/p>\n\n\n\n<p>6.Assure le lien avec le GOT concernant la mise en \u0153uvre du PLH (programme local de l\u2019habitat) sur la commune<\/p>\n\n\n\n<p>7.Optimisation des dessertes en transport collectifs<\/p>\n\n\n\n<p>8.Plans de circulation et de d\u00e9placement<\/p>\n\n\n\n<p>9.Gestion de la navette municipale<\/p>\n\n\n\n<p>10.D\u00e9veloppement des circulations douces (pi\u00e9tonni\u00e8res et pistes cyclables)<\/p>\n\n\n\n<p>11.D\u00e9veloppement du covoiturage<\/p>\n\n\n\n<p><strong><a href=\"https:\/\/www.youtube.com\/watch?v=2dlw4rPj_04\" type=\"link\" id=\"https:\/\/www.youtube.com\/watch?v=2dlw4rPj_04\">Sant\u00e9 et inclusion<\/a><\/strong><\/p>\n\n\n\n<figure class=\"wp-block-embed is-type-video is-provider-youtube wp-block-embed-youtube wp-embed-aspect-16-9 wp-has-aspect-ratio\"><div class=\"wp-block-embed__wrapper\">\n<iframe loading=\"lazy\" title=\"Meeting Plaisance Citoyenne du 16 mars : D\u00e9l\u00e9gation sant\u00e9\" width=\"750\" height=\"422\" src=\"https:\/\/www.youtube.com\/embed\/2dlw4rPj_04?start=6&#038;feature=oembed\" frameborder=\"0\" allow=\"accelerometer; autoplay; clipboard-write; encrypted-media; gyroscope; picture-in-picture; web-share\" referrerpolicy=\"strict-origin-when-cross-origin\" allowfullscreen><\/iframe>\n<\/div><\/figure>\n\n\n\n<p>1.Pilotage de la lutte contre l&rsquo;isolement des populations les plus fragiles<\/p>\n\n\n\n<p>2.Mise en \u0153uvre des mesures visant \u00e0 favoriser l&rsquo;inclusion de toutes les cat\u00e9gories sociales<\/p>\n\n\n\n<p>3.Pilotage du projet de r\u00e9alisation d&rsquo;un centre de sant\u00e9 communautaire<\/p>\n\n\n\n<p>4.Coordination, en lien avec les professionnels de sant\u00e9, des politiques publiques de pr\u00e9vention<\/p>\n\n\n\n<p>5.D\u00e9veloppement de l&rsquo;accessibilit\u00e9 de la voie publique et des espaces publics aux personnes \u00e0 mobilit\u00e9 r\u00e9duite<\/p>\n\n\n\n<p>6.Suivi de la mise en s\u00e9curit\u00e9 et accessibilit\u00e9 des ERP<\/p>\n\n\n\n<p>7.Repr\u00e9sentation de la commune en commission de s\u00e9curit\u00e9 contre les risques d&rsquo;incendie dans les ERP<\/p>\n\n\n\n<p>8.Participe aux instances concernant l&rsquo;attribution des logements sociaux, est l&rsquo;interlocuteur des diff\u00e9rents bailleurs sociaux<\/p>\n\n\n\n<p><strong><a href=\"https:\/\/www.youtube.com\/watch?v=v_L4b2BdYsk\" type=\"link\" id=\"https:\/\/www.youtube.com\/watch?v=v_L4b2BdYsk\">Animation de la ville et culture (comit\u00e9 des f\u00eates, march\u00e9s de plein vent)<\/a><\/strong><\/p>\n\n\n\n<figure class=\"wp-block-embed is-type-video is-provider-youtube wp-block-embed-youtube wp-embed-aspect-16-9 wp-has-aspect-ratio\"><div class=\"wp-block-embed__wrapper\">\n<iframe loading=\"lazy\" title=\"Meeting Plaisance Citoyenne du 16 mars : D\u00e9l\u00e9gation Culture\" width=\"750\" height=\"422\" src=\"https:\/\/www.youtube.com\/embed\/v_L4b2BdYsk?start=3&#038;feature=oembed\" frameborder=\"0\" allow=\"accelerometer; autoplay; clipboard-write; encrypted-media; gyroscope; picture-in-picture; web-share\" referrerpolicy=\"strict-origin-when-cross-origin\" allowfullscreen><\/iframe>\n<\/div><\/figure>\n\n\n\n<p>1.Programmation de la politique d&rsquo;animation de la ville<\/p>\n\n\n\n<p>2.Coordination de la programmation culturelle de l&rsquo;Onyx<\/p>\n\n\n\n<p>3.Initiation de la cr\u00e9ation d\u2019un nouveau Comit\u00e9 des f\u00eates<\/p>\n\n\n\n<p>4.Organisation des manifestations \u00e9v\u00e9nementielles sur la commune<\/p>\n\n\n\n<p>5.Interlocuteur des artisans d\u2019art<\/p>\n\n\n\n<p>6.D\u00e9veloppement du volet tourisme sur la commune<\/p>\n\n\n\n<p>7.Occupation du domaine public et autorisations (notamment le march\u00e9 de plein vent)<\/p>\n\n\n\n<p>8.Coordination et suivi des programmations \u00e0 la m\u00e9diath\u00e8que municipale<\/p>\n\n\n\n<p>9.Assure le lien avec l&rsquo;association Ecran 7<\/p>\n\n\n\n<p>10.Est l\u2019interlocuteur de l\u2019\u00c9cole des arts et de ses intervenants<\/p>\n","protected":false},"excerpt":{"rendered":"<p>Notre second meeting, le16 mars 2026, a \u00e9t\u00e9 l&rsquo;occasion pour nous de pr\u00e9senter les dix d\u00e9l\u00e9gations que nous avons cr\u00e9\u00e9es, qui nous permettront de travailler sur tous les sujets municipaux. Elles donneront lieu \u00e0 l&rsquo;\u00e9lection de nos dix adjoints.<\/p>\n","protected":false},"author":2,"featured_media":20776,"comment_status":"closed","ping_status":"open","sticky":true,"template":"","format":"standard","meta":{"_jetpack_memberships_contains_paid_content":false,"footnotes":""},"categories":[2,26,8,550],"tags":[554],"class_list":["post-20775","post","type-post","status-publish","format-standard","has-post-thumbnail","hentry","category-actu","category-conseils-municipaux","category-election-municipales-2026","category-gouvernance-partagee","tag-les-dix-delegations"],"yoast_head":"<!-- This site is optimized with the Yoast SEO plugin v27.2 - https:\/\/yoast.com\/product\/yoast-seo-wordpress\/ -->\n<title>Notre second meeting de campagne en image : nos dix d\u00e9l\u00e9gations - Plaisance Citoyenne<\/title>\n<meta name=\"robots\" content=\"index, follow, max-snippet:-1, max-image-preview:large, max-video-preview:-1\" \/>\n<link rel=\"canonical\" href=\"https:\/\/www.plaisance-citoyenne.fr\/site\/notre-2nd-meeting-de-campagne-en-image-nos-dix-delegations\/\" \/>\n<meta property=\"og:locale\" content=\"fr_FR\" \/>\n<meta property=\"og:type\" content=\"article\" \/>\n<meta property=\"og:title\" content=\"Notre second meeting de campagne en image : nos dix d\u00e9l\u00e9gations - Plaisance Citoyenne\" \/>\n<meta property=\"og:description\" content=\"Notre second meeting, le16 mars 2026, a \u00e9t\u00e9 l&rsquo;occasion pour nous de pr\u00e9senter les dix d\u00e9l\u00e9gations que nous avons cr\u00e9\u00e9es, qui nous permettront de travailler sur tous les sujets municipaux. Elles donneront lieu \u00e0 l&rsquo;\u00e9lection de nos dix adjoints.\" \/>\n<meta property=\"og:url\" content=\"https:\/\/www.plaisance-citoyenne.fr\/site\/notre-2nd-meeting-de-campagne-en-image-nos-dix-delegations\/\" \/>\n<meta property=\"og:site_name\" content=\"Plaisance Citoyenne\" \/>\n<meta property=\"article:publisher\" content=\"https:\/\/www.facebook.com\/plaisancecitoyenne\/\" \/>\n<meta property=\"article:published_time\" content=\"2026-03-18T23:57:17+00:00\" \/>\n<meta property=\"article:modified_time\" content=\"2026-03-20T11:25:16+00:00\" \/>\n<meta property=\"og:image\" content=\"https:\/\/www.plaisance-citoyenne.fr\/site\/wp-content\/uploads\/2026\/03\/WhatsApp-Image-2026-03-19-at-00.50.26.jpeg\" \/>\n\t<meta property=\"og:image:width\" content=\"1736\" \/>\n\t<meta property=\"og:image:height\" content=\"1736\" \/>\n\t<meta property=\"og:image:type\" content=\"image\/jpeg\" \/>\n<meta name=\"author\" content=\"Florence Queval\" \/>\n<meta name=\"twitter:card\" content=\"summary_large_image\" \/>\n<meta name=\"twitter:label1\" content=\"\u00c9crit par\" \/>\n\t<meta name=\"twitter:data1\" content=\"Florence Queval\" \/>\n\t<meta name=\"twitter:label2\" content=\"Dur\u00e9e de lecture estim\u00e9e\" \/>\n\t<meta name=\"twitter:data2\" content=\"5 minutes\" \/>\n<script type=\"application\/ld+json\" class=\"yoast-schema-graph\">{\"@context\":\"https:\/\/schema.org\",\"@graph\":[{\"@type\":\"Article\",\"@id\":\"https:\/\/www.plaisance-citoyenne.fr\/site\/notre-2nd-meeting-de-campagne-en-image-nos-dix-delegations\/#article\",\"isPartOf\":{\"@id\":\"https:\/\/www.plaisance-citoyenne.fr\/site\/notre-2nd-meeting-de-campagne-en-image-nos-dix-delegations\/\"},\"author\":{\"name\":\"Florence Queval\",\"@id\":\"https:\/\/www.plaisance-citoyenne.fr\/site\/#\/schema\/person\/febefe92cdf4286c3befa09ac37719d9\"},\"headline\":\"Notre second meeting de campagne en image : nos dix d\u00e9l\u00e9gations\",\"datePublished\":\"2026-03-18T23:57:17+00:00\",\"dateModified\":\"2026-03-20T11:25:16+00:00\",\"mainEntityOfPage\":{\"@id\":\"https:\/\/www.plaisance-citoyenne.fr\/site\/notre-2nd-meeting-de-campagne-en-image-nos-dix-delegations\/\"},\"wordCount\":952,\"publisher\":{\"@id\":\"https:\/\/www.plaisance-citoyenne.fr\/site\/#organization\"},\"image\":{\"@id\":\"https:\/\/www.plaisance-citoyenne.fr\/site\/notre-2nd-meeting-de-campagne-en-image-nos-dix-delegations\/#primaryimage\"},\"thumbnailUrl\":\"https:\/\/www.plaisance-citoyenne.fr\/site\/wp-content\/uploads\/2026\/03\/WhatsApp-Image-2026-03-19-at-00.50.26.jpeg\",\"keywords\":[\"Les dix d\u00e9l\u00e9gations\"],\"articleSection\":[\"Actualit\u00e9s\",\"conseils municipaux\",\"\u00c9lections municipales 2026\",\"gouvernance partag\u00e9e\"],\"inLanguage\":\"fr-FR\"},{\"@type\":\"WebPage\",\"@id\":\"https:\/\/www.plaisance-citoyenne.fr\/site\/notre-2nd-meeting-de-campagne-en-image-nos-dix-delegations\/\",\"url\":\"https:\/\/www.plaisance-citoyenne.fr\/site\/notre-2nd-meeting-de-campagne-en-image-nos-dix-delegations\/\",\"name\":\"Notre second meeting de campagne en image : nos dix d\u00e9l\u00e9gations - Plaisance Citoyenne\",\"isPartOf\":{\"@id\":\"https:\/\/www.plaisance-citoyenne.fr\/site\/#website\"},\"primaryImageOfPage\":{\"@id\":\"https:\/\/www.plaisance-citoyenne.fr\/site\/notre-2nd-meeting-de-campagne-en-image-nos-dix-delegations\/#primaryimage\"},\"image\":{\"@id\":\"https:\/\/www.plaisance-citoyenne.fr\/site\/notre-2nd-meeting-de-campagne-en-image-nos-dix-delegations\/#primaryimage\"},\"thumbnailUrl\":\"https:\/\/www.plaisance-citoyenne.fr\/site\/wp-content\/uploads\/2026\/03\/WhatsApp-Image-2026-03-19-at-00.50.26.jpeg\",\"datePublished\":\"2026-03-18T23:57:17+00:00\",\"dateModified\":\"2026-03-20T11:25:16+00:00\",\"breadcrumb\":{\"@id\":\"https:\/\/www.plaisance-citoyenne.fr\/site\/notre-2nd-meeting-de-campagne-en-image-nos-dix-delegations\/#breadcrumb\"},\"inLanguage\":\"fr-FR\",\"potentialAction\":[{\"@type\":\"ReadAction\",\"target\":[\"https:\/\/www.plaisance-citoyenne.fr\/site\/notre-2nd-meeting-de-campagne-en-image-nos-dix-delegations\/\"]}]},{\"@type\":\"ImageObject\",\"inLanguage\":\"fr-FR\",\"@id\":\"https:\/\/www.plaisance-citoyenne.fr\/site\/notre-2nd-meeting-de-campagne-en-image-nos-dix-delegations\/#primaryimage\",\"url\":\"https:\/\/www.plaisance-citoyenne.fr\/site\/wp-content\/uploads\/2026\/03\/WhatsApp-Image-2026-03-19-at-00.50.26.jpeg\",\"contentUrl\":\"https:\/\/www.plaisance-citoyenne.fr\/site\/wp-content\/uploads\/2026\/03\/WhatsApp-Image-2026-03-19-at-00.50.26.jpeg\",\"width\":1736,\"height\":1736},{\"@type\":\"BreadcrumbList\",\"@id\":\"https:\/\/www.plaisance-citoyenne.fr\/site\/notre-2nd-meeting-de-campagne-en-image-nos-dix-delegations\/#breadcrumb\",\"itemListElement\":[{\"@type\":\"ListItem\",\"position\":1,\"name\":\"Accueil\",\"item\":\"https:\/\/www.plaisance-citoyenne.fr\/site\/\"},{\"@type\":\"ListItem\",\"position\":2,\"name\":\"Notre second meeting de campagne en image : nos dix d\u00e9l\u00e9gations\"}]},{\"@type\":\"WebSite\",\"@id\":\"https:\/\/www.plaisance-citoyenne.fr\/site\/#website\",\"url\":\"https:\/\/www.plaisance-citoyenne.fr\/site\/\",\"name\":\"Plaisance Citoyenne\",\"description\":\"Et si demain on changeait de gouvernance ?\",\"publisher\":{\"@id\":\"https:\/\/www.plaisance-citoyenne.fr\/site\/#organization\"},\"potentialAction\":[{\"@type\":\"SearchAction\",\"target\":{\"@type\":\"EntryPoint\",\"urlTemplate\":\"https:\/\/www.plaisance-citoyenne.fr\/site\/?s={search_term_string}\"},\"query-input\":{\"@type\":\"PropertyValueSpecification\",\"valueRequired\":true,\"valueName\":\"search_term_string\"}}],\"inLanguage\":\"fr-FR\"},{\"@type\":\"Organization\",\"@id\":\"https:\/\/www.plaisance-citoyenne.fr\/site\/#organization\",\"name\":\"Plaisance Citoyenne\",\"url\":\"https:\/\/www.plaisance-citoyenne.fr\/site\/\",\"logo\":{\"@type\":\"ImageObject\",\"inLanguage\":\"fr-FR\",\"@id\":\"https:\/\/www.plaisance-citoyenne.fr\/site\/#\/schema\/logo\/image\/\",\"url\":\"https:\/\/www.plaisance-citoyenne.fr\/site\/wp-content\/uploads\/2025\/08\/cropped-logo-1.png\",\"contentUrl\":\"https:\/\/www.plaisance-citoyenne.fr\/site\/wp-content\/uploads\/2025\/08\/cropped-logo-1.png\",\"width\":512,\"height\":341,\"caption\":\"Plaisance Citoyenne\"},\"image\":{\"@id\":\"https:\/\/www.plaisance-citoyenne.fr\/site\/#\/schema\/logo\/image\/\"},\"sameAs\":[\"https:\/\/www.facebook.com\/plaisancecitoyenne\/\",\"https:\/\/www.instagram.com\/plaisancecitoyenne\/\"]},{\"@type\":\"Person\",\"@id\":\"https:\/\/www.plaisance-citoyenne.fr\/site\/#\/schema\/person\/febefe92cdf4286c3befa09ac37719d9\",\"name\":\"Florence Queval\",\"image\":{\"@type\":\"ImageObject\",\"inLanguage\":\"fr-FR\",\"@id\":\"https:\/\/secure.gravatar.com\/avatar\/569e9b17b7a28e4528619a4f1c0cd29a90939a8ad8974802da60f734e2a4c932?s=96&d=mm&r=g\",\"url\":\"https:\/\/secure.gravatar.com\/avatar\/569e9b17b7a28e4528619a4f1c0cd29a90939a8ad8974802da60f734e2a4c932?s=96&d=mm&r=g\",\"contentUrl\":\"https:\/\/secure.gravatar.com\/avatar\/569e9b17b7a28e4528619a4f1c0cd29a90939a8ad8974802da60f734e2a4c932?s=96&d=mm&r=g\",\"caption\":\"Florence Queval\"},\"url\":\"https:\/\/www.plaisance-citoyenne.fr\/site\/author\/florencequeval\/\"}]}<\/script>\n<!-- \/ Yoast SEO plugin. -->","yoast_head_json":{"title":"Notre second meeting de campagne en image : nos dix d\u00e9l\u00e9gations - Plaisance Citoyenne","robots":{"index":"index","follow":"follow","max-snippet":"max-snippet:-1","max-image-preview":"max-image-preview:large","max-video-preview":"max-video-preview:-1"},"canonical":"https:\/\/www.plaisance-citoyenne.fr\/site\/notre-2nd-meeting-de-campagne-en-image-nos-dix-delegations\/","og_locale":"fr_FR","og_type":"article","og_title":"Notre second meeting de campagne en image : nos dix d\u00e9l\u00e9gations - Plaisance Citoyenne","og_description":"Notre second meeting, le16 mars 2026, a \u00e9t\u00e9 l&rsquo;occasion pour nous de pr\u00e9senter les dix d\u00e9l\u00e9gations que nous avons cr\u00e9\u00e9es, qui nous permettront de travailler sur tous les sujets municipaux. Elles donneront lieu \u00e0 l&rsquo;\u00e9lection de nos dix adjoints.","og_url":"https:\/\/www.plaisance-citoyenne.fr\/site\/notre-2nd-meeting-de-campagne-en-image-nos-dix-delegations\/","og_site_name":"Plaisance Citoyenne","article_publisher":"https:\/\/www.facebook.com\/plaisancecitoyenne\/","article_published_time":"2026-03-18T23:57:17+00:00","article_modified_time":"2026-03-20T11:25:16+00:00","og_image":[{"width":1736,"height":1736,"url":"https:\/\/www.plaisance-citoyenne.fr\/site\/wp-content\/uploads\/2026\/03\/WhatsApp-Image-2026-03-19-at-00.50.26.jpeg","type":"image\/jpeg"}],"author":"Florence Queval","twitter_card":"summary_large_image","twitter_misc":{"\u00c9crit par":"Florence Queval","Dur\u00e9e de lecture estim\u00e9e":"5 minutes"},"schema":{"@context":"https:\/\/schema.org","@graph":[{"@type":"Article","@id":"https:\/\/www.plaisance-citoyenne.fr\/site\/notre-2nd-meeting-de-campagne-en-image-nos-dix-delegations\/#article","isPartOf":{"@id":"https:\/\/www.plaisance-citoyenne.fr\/site\/notre-2nd-meeting-de-campagne-en-image-nos-dix-delegations\/"},"author":{"name":"Florence Queval","@id":"https:\/\/www.plaisance-citoyenne.fr\/site\/#\/schema\/person\/febefe92cdf4286c3befa09ac37719d9"},"headline":"Notre second meeting de campagne en image : nos dix d\u00e9l\u00e9gations","datePublished":"2026-03-18T23:57:17+00:00","dateModified":"2026-03-20T11:25:16+00:00","mainEntityOfPage":{"@id":"https:\/\/www.plaisance-citoyenne.fr\/site\/notre-2nd-meeting-de-campagne-en-image-nos-dix-delegations\/"},"wordCount":952,"publisher":{"@id":"https:\/\/www.plaisance-citoyenne.fr\/site\/#organization"},"image":{"@id":"https:\/\/www.plaisance-citoyenne.fr\/site\/notre-2nd-meeting-de-campagne-en-image-nos-dix-delegations\/#primaryimage"},"thumbnailUrl":"https:\/\/www.plaisance-citoyenne.fr\/site\/wp-content\/uploads\/2026\/03\/WhatsApp-Image-2026-03-19-at-00.50.26.jpeg","keywords":["Les dix d\u00e9l\u00e9gations"],"articleSection":["Actualit\u00e9s","conseils municipaux","\u00c9lections municipales 2026","gouvernance partag\u00e9e"],"inLanguage":"fr-FR"},{"@type":"WebPage","@id":"https:\/\/www.plaisance-citoyenne.fr\/site\/notre-2nd-meeting-de-campagne-en-image-nos-dix-delegations\/","url":"https:\/\/www.plaisance-citoyenne.fr\/site\/notre-2nd-meeting-de-campagne-en-image-nos-dix-delegations\/","name":"Notre second meeting de campagne en image : nos dix d\u00e9l\u00e9gations - Plaisance Citoyenne","isPartOf":{"@id":"https:\/\/www.plaisance-citoyenne.fr\/site\/#website"},"primaryImageOfPage":{"@id":"https:\/\/www.plaisance-citoyenne.fr\/site\/notre-2nd-meeting-de-campagne-en-image-nos-dix-delegations\/#primaryimage"},"image":{"@id":"https:\/\/www.plaisance-citoyenne.fr\/site\/notre-2nd-meeting-de-campagne-en-image-nos-dix-delegations\/#primaryimage"},"thumbnailUrl":"https:\/\/www.plaisance-citoyenne.fr\/site\/wp-content\/uploads\/2026\/03\/WhatsApp-Image-2026-03-19-at-00.50.26.jpeg","datePublished":"2026-03-18T23:57:17+00:00","dateModified":"2026-03-20T11:25:16+00:00","breadcrumb":{"@id":"https:\/\/www.plaisance-citoyenne.fr\/site\/notre-2nd-meeting-de-campagne-en-image-nos-dix-delegations\/#breadcrumb"},"inLanguage":"fr-FR","potentialAction":[{"@type":"ReadAction","target":["https:\/\/www.plaisance-citoyenne.fr\/site\/notre-2nd-meeting-de-campagne-en-image-nos-dix-delegations\/"]}]},{"@type":"ImageObject","inLanguage":"fr-FR","@id":"https:\/\/www.plaisance-citoyenne.fr\/site\/notre-2nd-meeting-de-campagne-en-image-nos-dix-delegations\/#primaryimage","url":"https:\/\/www.plaisance-citoyenne.fr\/site\/wp-content\/uploads\/2026\/03\/WhatsApp-Image-2026-03-19-at-00.50.26.jpeg","contentUrl":"https:\/\/www.plaisance-citoyenne.fr\/site\/wp-content\/uploads\/2026\/03\/WhatsApp-Image-2026-03-19-at-00.50.26.jpeg","width":1736,"height":1736},{"@type":"BreadcrumbList","@id":"https:\/\/www.plaisance-citoyenne.fr\/site\/notre-2nd-meeting-de-campagne-en-image-nos-dix-delegations\/#breadcrumb","itemListElement":[{"@type":"ListItem","position":1,"name":"Accueil","item":"https:\/\/www.plaisance-citoyenne.fr\/site\/"},{"@type":"ListItem","position":2,"name":"Notre second meeting de campagne en image : nos dix d\u00e9l\u00e9gations"}]},{"@type":"WebSite","@id":"https:\/\/www.plaisance-citoyenne.fr\/site\/#website","url":"https:\/\/www.plaisance-citoyenne.fr\/site\/","name":"Plaisance Citoyenne","description":"Et si demain on changeait de gouvernance ?","publisher":{"@id":"https:\/\/www.plaisance-citoyenne.fr\/site\/#organization"},"potentialAction":[{"@type":"SearchAction","target":{"@type":"EntryPoint","urlTemplate":"https:\/\/www.plaisance-citoyenne.fr\/site\/?s={search_term_string}"},"query-input":{"@type":"PropertyValueSpecification","valueRequired":true,"valueName":"search_term_string"}}],"inLanguage":"fr-FR"},{"@type":"Organization","@id":"https:\/\/www.plaisance-citoyenne.fr\/site\/#organization","name":"Plaisance Citoyenne","url":"https:\/\/www.plaisance-citoyenne.fr\/site\/","logo":{"@type":"ImageObject","inLanguage":"fr-FR","@id":"https:\/\/www.plaisance-citoyenne.fr\/site\/#\/schema\/logo\/image\/","url":"https:\/\/www.plaisance-citoyenne.fr\/site\/wp-content\/uploads\/2025\/08\/cropped-logo-1.png","contentUrl":"https:\/\/www.plaisance-citoyenne.fr\/site\/wp-content\/uploads\/2025\/08\/cropped-logo-1.png","width":512,"height":341,"caption":"Plaisance Citoyenne"},"image":{"@id":"https:\/\/www.plaisance-citoyenne.fr\/site\/#\/schema\/logo\/image\/"},"sameAs":["https:\/\/www.facebook.com\/plaisancecitoyenne\/","https:\/\/www.instagram.com\/plaisancecitoyenne\/"]},{"@type":"Person","@id":"https:\/\/www.plaisance-citoyenne.fr\/site\/#\/schema\/person\/febefe92cdf4286c3befa09ac37719d9","name":"Florence Queval","image":{"@type":"ImageObject","inLanguage":"fr-FR","@id":"https:\/\/secure.gravatar.com\/avatar\/569e9b17b7a28e4528619a4f1c0cd29a90939a8ad8974802da60f734e2a4c932?s=96&d=mm&r=g","url":"https:\/\/secure.gravatar.com\/avatar\/569e9b17b7a28e4528619a4f1c0cd29a90939a8ad8974802da60f734e2a4c932?s=96&d=mm&r=g","contentUrl":"https:\/\/secure.gravatar.com\/avatar\/569e9b17b7a28e4528619a4f1c0cd29a90939a8ad8974802da60f734e2a4c932?s=96&d=mm&r=g","caption":"Florence Queval"},"url":"https:\/\/www.plaisance-citoyenne.fr\/site\/author\/florencequeval\/"}]}},"jetpack_featured_media_url":"https:\/\/www.plaisance-citoyenne.fr\/site\/wp-content\/uploads\/2026\/03\/WhatsApp-Image-2026-03-19-at-00.50.26.jpeg","jetpack_sharing_enabled":true,"_links":{"self":[{"href":"https:\/\/www.plaisance-citoyenne.fr\/site\/wp-json\/wp\/v2\/posts\/20775","targetHints":{"allow":["GET"]}}],"collection":[{"href":"https:\/\/www.plaisance-citoyenne.fr\/site\/wp-json\/wp\/v2\/posts"}],"about":[{"href":"https:\/\/www.plaisance-citoyenne.fr\/site\/wp-json\/wp\/v2\/types\/post"}],"author":[{"embeddable":true,"href":"https:\/\/www.plaisance-citoyenne.fr\/site\/wp-json\/wp\/v2\/users\/2"}],"replies":[{"embeddable":true,"href":"https:\/\/www.plaisance-citoyenne.fr\/site\/wp-json\/wp\/v2\/comments?post=20775"}],"version-history":[{"count":4,"href":"https:\/\/www.plaisance-citoyenne.fr\/site\/wp-json\/wp\/v2\/posts\/20775\/revisions"}],"predecessor-version":[{"id":20797,"href":"https:\/\/www.plaisance-citoyenne.fr\/site\/wp-json\/wp\/v2\/posts\/20775\/revisions\/20797"}],"wp:featuredmedia":[{"embeddable":true,"href":"https:\/\/www.plaisance-citoyenne.fr\/site\/wp-json\/wp\/v2\/media\/20776"}],"wp:attachment":[{"href":"https:\/\/www.plaisance-citoyenne.fr\/site\/wp-json\/wp\/v2\/media?parent=20775"}],"wp:term":[{"taxonomy":"category","embeddable":true,"href":"https:\/\/www.plaisance-citoyenne.fr\/site\/wp-json\/wp\/v2\/categories?post=20775"},{"taxonomy":"post_tag","embeddable":true,"href":"https:\/\/www.plaisance-citoyenne.fr\/site\/wp-json\/wp\/v2\/tags?post=20775"}],"curies":[{"name":"wp","href":"https:\/\/api.w.org\/{rel}","templated":true}]}}