{"id":4174,"date":"2023-02-15T19:24:39","date_gmt":"2023-02-15T18:24:39","guid":{"rendered":"https:\/\/plaisance-citoyenne.fr\/site\/?p=4174"},"modified":"2026-02-18T20:28:37","modified_gmt":"2026-02-18T19:28:37","slug":"conseil-municipal-du-15-fevrier-2023","status":"publish","type":"post","link":"https:\/\/www.plaisance-citoyenne.fr\/site\/conseil-municipal-du-15-fevrier-2023\/","title":{"rendered":"Conseil municipal du 15 f\u00e9vrier 2023"},"content":{"rendered":"\n<h3 class=\"wp-block-heading\">ADMINISTRATION GENERALE<\/h3>\n\n\n\n<p><br>&#8211; Adoption du proc\u00e8s-verbal du 24 Janvier 2023<br>&#8211; D\u00e9cisions municipales prises en vertu des dispositions de l\u2019article L 2122-22 du CGCT<\/p>\n\n\n\n<figure class=\"wp-block-audio\"><audio controls src=\"https:\/\/www.plaisance-citoyenne.fr\/site\/wp-content\/uploads\/2023\/02\/decisions-municipales.mp3\"><\/audio><\/figure>\n\n\n\n<p>&#8211; INFORMATION : Etat annuel des indemnit\u00e9s des \u00e9lus municipaux<\/p>\n\n\n\n<figure class=\"wp-block-audio\"><audio controls src=\"https:\/\/www.plaisance-citoyenne.fr\/site\/wp-content\/uploads\/2023\/02\/indemnites-elus-2022.mp3\"><\/audio><\/figure>\n\n\n\n<h3 class=\"wp-block-heading\"><br>FINANCES<\/h3>\n\n\n\n<p>&#8211; Budget Primitif 2023 \u2013 Commune<\/p>\n\n\n\n<figure class=\"wp-block-audio\"><audio controls src=\"https:\/\/www.plaisance-citoyenne.fr\/site\/wp-content\/uploads\/2023\/02\/budget.mp3\"><\/audio><\/figure>\n\n\n\n<figure class=\"wp-block-audio\"><audio controls src=\"https:\/\/www.plaisance-citoyenne.fr\/site\/wp-content\/uploads\/2023\/02\/remarques-Pascal-Barbier.mp3\"><\/audio><\/figure>\n\n\n\n<figure class=\"wp-block-audio\"><audio controls src=\"https:\/\/www.plaisance-citoyenne.fr\/site\/wp-content\/uploads\/2023\/02\/reponses-M-Guyot.mp3\"><\/audio><\/figure>\n\n\n\n<p>&#8211; Vote des taux d&rsquo;imposition 2023<\/p>\n\n\n\n<figure class=\"wp-block-audio\"><audio controls src=\"https:\/\/www.plaisance-citoyenne.fr\/site\/wp-content\/uploads\/2023\/02\/tx-imposition-2023.mp3\"><\/audio><\/figure>\n\n\n\n<p>&#8211; Autorisation de Programmes\/Cr\u00e9dits de Paiement pour l&rsquo;op\u00e9ration \u00ab\u00a0Construction d&rsquo;un complexe \u00e9ducatif<\/p>\n\n\n\n<figure class=\"wp-block-audio\"><audio controls src=\"https:\/\/www.plaisance-citoyenne.fr\/site\/wp-content\/uploads\/2023\/02\/autorisation-invest-complexe-educ.mp3\"><\/audio><\/figure>\n\n\n\n<p>&#8211; Subvention d&rsquo;\u00e9quilibre 2023 vers\u00e9e au Centre Communal d&rsquo;Action Sociale<\/p>\n\n\n\n<figure class=\"wp-block-audio\"><audio controls src=\"https:\/\/www.plaisance-citoyenne.fr\/site\/wp-content\/uploads\/2023\/02\/subv-CCAS.mp3\"><\/audio><\/figure>\n\n\n\n<p>&#8211; Modification de l&rsquo;indemnit\u00e9 de fonction de Monsieur le Maire<\/p>\n\n\n\n<figure class=\"wp-block-audio\"><audio controls src=\"https:\/\/www.plaisance-citoyenne.fr\/site\/wp-content\/uploads\/2023\/02\/modif-indemnites-maire.mp3\"><\/audio><\/figure>\n\n\n\n<h3 class=\"wp-block-heading\"><br>TRAVAUX ET MARCHES PUBLICS<\/h3>\n\n\n\n<p><br>&#8211; Demande de subvention DETR 2023 &#8211; Travaux en faveur de la transition \u00e9nerg\u00e9tique &#8211; B\u00e2timents<br>communaux<br>&#8211; Demande de subvention DETR 2023 &#8211; Travaux en faveur de la s\u00e9curisation des b\u00e2timents<\/p>\n\n\n\n<figure class=\"wp-block-audio\"><audio controls src=\"https:\/\/www.plaisance-citoyenne.fr\/site\/wp-content\/uploads\/2023\/02\/subv-DETR1-et-2.mp3\"><\/audio><\/figure>\n\n\n\n<p>&#8211; Demande de subvention DETR 2023 &#8211; Etude de faisabilit\u00e9 pour la r\u00e9habilitation d&rsquo;un b\u00e2timent public<\/p>\n\n\n\n<figure class=\"wp-block-audio\"><audio controls src=\"https:\/\/www.plaisance-citoyenne.fr\/site\/wp-content\/uploads\/2023\/02\/subv-DETR3.mp3\"><\/audio><\/figure>\n\n\n\n<h3 class=\"wp-block-heading\">GESTION DU TERRITOIRE<\/h3>\n\n\n\n<p>&#8211; Modification des modalit\u00e9s de cession de la maison GUITTARD (parcelle BP 328)<\/p>\n\n\n\n<figure class=\"wp-block-audio\"><audio controls src=\"https:\/\/www.plaisance-citoyenne.fr\/site\/wp-content\/uploads\/2023\/02\/maison-Guitard.mp3\"><\/audio><\/figure>\n\n\n\n<p>&#8211; Avis sur dossier de demande d\u2019enregistrement en vue d\u2019exploiter une installation de fabrication de<br>produits d\u2019enduits muraux ext\u00e9rieurs pour les b\u00e2timents (mortiers) \u2013 Soci\u00e9t\u00e9 WEBER SAINT-GOBAIN<br>Colomiers<\/p>\n\n\n\n<figure class=\"wp-block-audio\"><audio controls src=\"https:\/\/www.plaisance-citoyenne.fr\/site\/wp-content\/uploads\/2023\/02\/donner-un-avis-WEBER.mp3\"><\/audio><\/figure>\n\n\n\n<h3 class=\"wp-block-heading\">PERSONNEL<\/h3>\n\n\n\n<p>&#8211; Elargissement de la mise en \u0153uvre du forfait mobilit\u00e9s durables<\/p>\n\n\n\n<figure class=\"wp-block-audio\"><audio controls src=\"https:\/\/www.plaisance-citoyenne.fr\/site\/wp-content\/uploads\/2023\/02\/forfait-mobilite-durable.mp3\"><\/audio><\/figure>\n\n\n\n<p>&#8211; Modification du tableau des effectifs &#8211; Changement de quotit\u00e9s horaires<\/p>\n\n\n\n<figure class=\"wp-block-audio\"><audio controls src=\"https:\/\/www.plaisance-citoyenne.fr\/site\/wp-content\/uploads\/2023\/02\/modif-tableau-effectifs.mp3\"><\/audio><\/figure>\n\n\n\n<p>&#8211; Modification du forfait t\u00e9l\u00e9travail<\/p>\n\n\n\n<figure class=\"wp-block-audio\"><audio controls src=\"https:\/\/www.plaisance-citoyenne.fr\/site\/wp-content\/uploads\/2023\/02\/forfait-teletravail.mp3\"><\/audio><\/figure>\n\n\n\n<h3 class=\"wp-block-heading\"><br>COOPERATION INTERCOMMUNALE<\/h3>\n\n\n\n<p><br>&#8211; Convention de prestation de service pour la distribution des supports de communication entre la<br>commune et le Grand Ouest Toulousain<\/p>\n\n\n\n<figure class=\"wp-block-audio\"><audio controls src=\"https:\/\/www.plaisance-citoyenne.fr\/site\/wp-content\/uploads\/2023\/02\/convention-got-communication.mp3\"><\/audio><\/figure>\n\n\n\n<h3 class=\"wp-block-heading\"><br>QUESTIONS DIVERSES<\/h3>\n\n\n\n<p><strong>1. Parc de Terris<br><\/strong>Lors du dernier conseil municipal, nous avons demand\u00e9 \u00e0 pouvoir lire les rapports des visites<br>sur site de la centrale \u00e0 b\u00e9ton du zoo de Plaisance, r\u00e9dig\u00e9s par les services techniques. Ceuxci ne nous ont pas \u00e9t\u00e9 transmis. Quand comptez-vous nous les envoyer ?<br>Par ailleurs, nous attendons toujours le d\u00e9cryptage des \u00e9tudes de sols r\u00e9alis\u00e9es sur l\u2019ancienne<br>d\u00e9charge du parc de Terris que vous avez confi\u00e9 au BRGM. Quand comptez-vous nous le<br>transmettre ?<\/p>\n\n\n\n<figure class=\"wp-block-audio\"><audio controls src=\"https:\/\/www.plaisance-citoyenne.fr\/site\/wp-content\/uploads\/2023\/02\/q1-2.mp3\"><\/audio><\/figure>\n\n\n\n<p><br><strong>2. Avis de la Mrae<br><\/strong>Dans le cadre de l\u2019\u00e9tude pour la cr\u00e9ation de la ZAC de la Sabla, la DREAL Occitanie a indiqu\u00e9<br>que la Mrae, mission r\u00e9gionale d\u2019autorit\u00e9 environnementale, n\u2019avait pas \u00e9mis d\u2019observation<br>dans le d\u00e9lai qui lui \u00e9tait imparti, soit avant le 10 janvier 2023.<br>Cela signifie-t-il qu\u2019elle n\u2019avait pas de remarque \u00e0 formuler ou qu\u2019elle n\u2019a pas eu le temps de<br>le faire ?<\/p>\n\n\n\n<figure class=\"wp-block-audio\"><audio controls src=\"https:\/\/www.plaisance-citoyenne.fr\/site\/wp-content\/uploads\/2023\/02\/q2-2.mp3\"><\/audio><\/figure>\n\n\n\n<p><br><strong>3. Carrefour de la rue de Gascogne et de la rue du 8 mai 1945<br><\/strong>Nous portons ici la voix de certains Plaisan\u00e7ois :<br>Pourquoi les chicanes de l&rsquo;intersection de la rue de Gascogne et de la rue du 8 mai (angle du<br>vieux cimeti\u00e8re) ont-elles \u00e9t\u00e9 retir\u00e9es d\u00e9but d\u00e9cembre ?<br>Est-ce que la mairie pr\u00e9voit de remettre des chicanes \u00e0 ce carrefour ? Il est important de<br>signaler que les voitures roulent tr\u00e8s vite rue de Gascogne et ne s&rsquo;arr\u00eatent pas aux passages<br>pi\u00e9tons de cette intersection qui est tr\u00e8s dangereuse.<br>Est-ce que la mairie pr\u00e9voit de s\u00e9curiser la bande cyclable de la rue du 8 mai, en partie<br>d\u00e9truite, \u00e0 contresens ou c\u00f4t\u00e9 gauche sans aucune protection pour les cyclistes ?<br>Est-ce que la mairie va s\u00e9curiser un itin\u00e9raire cyclable rue de Gascogne ? Aujourd&rsquo;hui, seules<br>deux voitures peuvent se croiser sur la chauss\u00e9e. Les cyclistes n&rsquo;ont pas la place de rouler ni<br>de se faire d\u00e9passer.<\/p>\n\n\n\n<figure class=\"wp-block-audio\"><audio controls src=\"https:\/\/www.plaisance-citoyenne.fr\/site\/wp-content\/uploads\/2023\/02\/q3-2.mp3\"><\/audio><\/figure>\n\n\n\n<p><br><strong>4. Passoires thermiques<br><\/strong>Lors du dernier conseil municipal, vous veniez de recevoir un devis r\u00e9pondant au projet de<br>localisation des passoires thermiques sur la commune de Plaisance et sur la communaut\u00e9 de<br>communes. Pouvez-vous nous en dire plus aujourd\u2019hui ?<\/p>\n\n\n\n<figure class=\"wp-block-audio\"><audio controls src=\"https:\/\/www.plaisance-citoyenne.fr\/site\/wp-content\/uploads\/2023\/02\/q4-2.mp3\"><\/audio><\/figure>\n\n\n\n<p><br><strong>5. Cantines scolaires<br><\/strong>Pouvez-vous nous dire quand est pr\u00e9vu le renouvellement du march\u00e9 de la restauration<br>scolaire et nous communiquer le rapport annuel d\u2019activit\u00e9 du prestataire ?<br>Quelles sont, \u00e0 Plaisance, les modalit\u00e9s d\u2019application de la loi du 17 ao\u00fbt 2015 relative \u00e0 la<br>transition \u00e9nerg\u00e9tique pour la croissance verte qui introduit l\u2019obligation, pour la restauration<br>collective publique, d\u2019avoir une d\u00e9marche de lutte contre le gaspillage alimentaire au sein des<br>services de restauration de la commune ?<br>Par ailleurs, le Cahier des Clauses Techniques Particuli\u00e8res du march\u00e9 de service pour la<br>restauration collective de la commune, en date de juin 2020, pr\u00e9cise dans sa partie 8.1 que le<br>contr\u00f4le quantitatif et qualitatif est r\u00e9alis\u00e9 par un responsable d\u00e9sign\u00e9 par la commune.<br>Quelles modalit\u00e9s de contr\u00f4le avez-vous mis en place ?<\/p>\n\n\n\n<figure class=\"wp-block-audio\"><audio controls src=\"https:\/\/www.plaisance-citoyenne.fr\/site\/wp-content\/uploads\/2023\/02\/q5-3.mp3\"><\/audio><\/figure>\n\n\n\n<p><br><strong>6. Commission D\u00e9mocratie participative<br><\/strong>Pourriez-vous nous communiquer un calendrier indiquant les prochaines dates de r\u00e9union de<br>cette commission ? La derni\u00e8re et unique r\u00e9union de cette commission a eu lieu le 25 octobre<br>2021.<\/p>\n\n\n\n<p><strong>7. Commission Environnement<br><\/strong>Pourriez-vous nous communiquer un calendrier indiquant les prochaines dates de r\u00e9union de<br>cette commission ?<\/p>\n\n\n\n<figure class=\"wp-block-audio\"><audio controls src=\"https:\/\/www.plaisance-citoyenne.fr\/site\/wp-content\/uploads\/2023\/02\/q6-et-7.mp3\"><\/audio><\/figure>\n\n\n\n<p><br><strong>8. Appel d\u2019offre pour les commodats<br><\/strong>Par diverses d\u00e9lib\u00e9rations du conseil municipal, la mise \u00e0 disposition des terres agricoles<br>communales sous forme de commodat a \u00e9t\u00e9 prolong\u00e9e jusqu\u2019au 31\/10\/2023.<br>O\u00f9 en est la r\u00e9flexion sur l\u2019utilisation des terres agricoles de la commune ?<br>Le partenaire a-t-il \u00e9t\u00e9 choisi ? Il est dommageable que rien ne soit fait depuis 2 ans pour<br>permettre \u00e0 de jeunes agriculteurs, notamment mara\u00eechers, de s\u2019installer sur les terres<br>communales afin de nourrir la population avec des produits locaux et de qualit\u00e9. Les<br>conditions historiques ayant permis au syst\u00e8me alimentaire industrialis\u00e9 de prosp\u00e9rer ne sont<br>plus garanties. La mise en place de politiques de r\u00e9silience alimentaire locales est un imp\u00e9ratif<br>car le d\u00e9r\u00e8glement climatique en cours n\u00e9cessite de mobiliser toutes les ressources possibles<br>pour pouvoir se nourrir dans les ann\u00e9es \u00e0 venir mais cela ne semble pas \u00eatre dans vos priorit\u00e9s.<\/p>\n\n\n\n<figure class=\"wp-block-audio\"><audio controls src=\"https:\/\/www.plaisance-citoyenne.fr\/site\/wp-content\/uploads\/2023\/02\/q8.mp3\"><\/audio><\/figure>\n\n\n\n<h3 class=\"wp-block-heading\">V\u0153u contre le recul de l&rsquo;\u00e2ge de d\u00e9part \u00e0 la retraite (Liste Plaisance Citoyenne)<\/h3>\n\n\n\n<figure class=\"wp-block-audio\"><audio controls src=\"https:\/\/www.plaisance-citoyenne.fr\/site\/wp-content\/uploads\/2023\/02\/voeux-de-motion-contre-lallongement-age-retraites.mp3\"><\/audio><\/figure>\n\n\n\n<p><\/p>\n","protected":false},"excerpt":{"rendered":"<p>ADMINISTRATION GENERALE &#8211; Adoption du proc\u00e8s-verbal du 24 Janvier 2023&#8211; D\u00e9cisions municipales prises en vertu des dispositions de l\u2019article L 2122-22 du CGCT &#8211; INFORMATION : Etat annuel des indemnit\u00e9s des \u00e9lus municipaux FINANCES &#8211; Budget Primitif 2023 \u2013 Commune &#8211; Vote des taux d&rsquo;imposition 2023 &#8211; Autorisation de Programmes\/Cr\u00e9dits [&hellip;]<\/p>\n","protected":false},"author":3,"featured_media":4172,"comment_status":"closed","ping_status":"closed","sticky":false,"template":"","format":"standard","meta":{"_jetpack_memberships_contains_paid_content":false,"footnotes":""},"categories":[26,36,18],"tags":[],"class_list":["post-4174","post","type-post","status-publish","format-standard","has-post-thumbnail","hentry","category-conseils-municipaux","category-les-questions-diverses","category-vie-de-la-commune"],"yoast_head":"<!-- This site is optimized with the Yoast SEO plugin v27.2 - https:\/\/yoast.com\/product\/yoast-seo-wordpress\/ -->\n<title>Conseil municipal du 15 f\u00e9vrier 2023 - Plaisance Citoyenne<\/title>\n<meta name=\"robots\" content=\"index, follow, max-snippet:-1, max-image-preview:large, max-video-preview:-1\" \/>\n<link rel=\"canonical\" href=\"https:\/\/www.plaisance-citoyenne.fr\/site\/conseil-municipal-du-15-fevrier-2023\/\" \/>\n<meta property=\"og:locale\" content=\"fr_FR\" \/>\n<meta property=\"og:type\" content=\"article\" \/>\n<meta property=\"og:title\" content=\"Conseil municipal du 15 f\u00e9vrier 2023 - Plaisance Citoyenne\" \/>\n<meta property=\"og:description\" content=\"ADMINISTRATION GENERALE &#8211; Adoption du proc\u00e8s-verbal du 24 Janvier 2023&#8211; D\u00e9cisions municipales prises en vertu des dispositions de l\u2019article L 2122-22 du CGCT &#8211; INFORMATION : Etat annuel des indemnit\u00e9s des \u00e9lus municipaux FINANCES &#8211; Budget Primitif 2023 \u2013 Commune &#8211; Vote des taux d&rsquo;imposition 2023 &#8211; Autorisation de Programmes\/Cr\u00e9dits [&hellip;]\" \/>\n<meta property=\"og:url\" content=\"https:\/\/www.plaisance-citoyenne.fr\/site\/conseil-municipal-du-15-fevrier-2023\/\" \/>\n<meta property=\"og:site_name\" content=\"Plaisance Citoyenne\" \/>\n<meta property=\"article:publisher\" content=\"https:\/\/www.facebook.com\/plaisancecitoyenne\/\" \/>\n<meta property=\"article:published_time\" content=\"2023-02-15T18:24:39+00:00\" \/>\n<meta property=\"article:modified_time\" content=\"2026-02-18T19:28:37+00:00\" \/>\n<meta property=\"og:image\" content=\"https:\/\/www.plaisance-citoyenne.fr\/site\/wp-content\/uploads\/2023\/02\/limitations_vitesses-sup-30kmh-1024x724.png\" \/>\n\t<meta property=\"og:image:width\" content=\"1024\" \/>\n\t<meta property=\"og:image:height\" content=\"724\" \/>\n\t<meta property=\"og:image:type\" content=\"image\/png\" \/>\n<meta name=\"author\" content=\"Jean Fran\u00e7ois Behm\" \/>\n<meta name=\"twitter:card\" content=\"summary_large_image\" \/>\n<meta name=\"twitter:label1\" content=\"\u00c9crit par\" \/>\n\t<meta name=\"twitter:data1\" content=\"Jean Fran\u00e7ois Behm\" \/>\n\t<meta name=\"twitter:label2\" content=\"Dur\u00e9e de lecture estim\u00e9e\" \/>\n\t<meta name=\"twitter:data2\" content=\"5 minutes\" \/>\n<script type=\"application\/ld+json\" class=\"yoast-schema-graph\">{\"@context\":\"https:\/\/schema.org\",\"@graph\":[{\"@type\":\"Article\",\"@id\":\"https:\/\/www.plaisance-citoyenne.fr\/site\/conseil-municipal-du-15-fevrier-2023\/#article\",\"isPartOf\":{\"@id\":\"https:\/\/www.plaisance-citoyenne.fr\/site\/conseil-municipal-du-15-fevrier-2023\/\"},\"author\":{\"name\":\"Jean Fran\u00e7ois Behm\",\"@id\":\"https:\/\/www.plaisance-citoyenne.fr\/site\/#\/schema\/person\/bb967bad5ad1f5b5ab3108f1ffb7fb1b\"},\"headline\":\"Conseil municipal du 15 f\u00e9vrier 2023\",\"datePublished\":\"2023-02-15T18:24:39+00:00\",\"dateModified\":\"2026-02-18T19:28:37+00:00\",\"mainEntityOfPage\":{\"@id\":\"https:\/\/www.plaisance-citoyenne.fr\/site\/conseil-municipal-du-15-fevrier-2023\/\"},\"wordCount\":933,\"publisher\":{\"@id\":\"https:\/\/www.plaisance-citoyenne.fr\/site\/#organization\"},\"image\":{\"@id\":\"https:\/\/www.plaisance-citoyenne.fr\/site\/conseil-municipal-du-15-fevrier-2023\/#primaryimage\"},\"thumbnailUrl\":\"https:\/\/www.plaisance-citoyenne.fr\/site\/wp-content\/uploads\/2023\/02\/limitations_vitesses-sup-30kmh.png\",\"articleSection\":[\"conseils municipaux\",\"Les questions diverses\",\"vie de la commune\"],\"inLanguage\":\"fr-FR\"},{\"@type\":\"WebPage\",\"@id\":\"https:\/\/www.plaisance-citoyenne.fr\/site\/conseil-municipal-du-15-fevrier-2023\/\",\"url\":\"https:\/\/www.plaisance-citoyenne.fr\/site\/conseil-municipal-du-15-fevrier-2023\/\",\"name\":\"Conseil municipal du 15 f\u00e9vrier 2023 - Plaisance Citoyenne\",\"isPartOf\":{\"@id\":\"https:\/\/www.plaisance-citoyenne.fr\/site\/#website\"},\"primaryImageOfPage\":{\"@id\":\"https:\/\/www.plaisance-citoyenne.fr\/site\/conseil-municipal-du-15-fevrier-2023\/#primaryimage\"},\"image\":{\"@id\":\"https:\/\/www.plaisance-citoyenne.fr\/site\/conseil-municipal-du-15-fevrier-2023\/#primaryimage\"},\"thumbnailUrl\":\"https:\/\/www.plaisance-citoyenne.fr\/site\/wp-content\/uploads\/2023\/02\/limitations_vitesses-sup-30kmh.png\",\"datePublished\":\"2023-02-15T18:24:39+00:00\",\"dateModified\":\"2026-02-18T19:28:37+00:00\",\"breadcrumb\":{\"@id\":\"https:\/\/www.plaisance-citoyenne.fr\/site\/conseil-municipal-du-15-fevrier-2023\/#breadcrumb\"},\"inLanguage\":\"fr-FR\",\"potentialAction\":[{\"@type\":\"ReadAction\",\"target\":[\"https:\/\/www.plaisance-citoyenne.fr\/site\/conseil-municipal-du-15-fevrier-2023\/\"]}]},{\"@type\":\"ImageObject\",\"inLanguage\":\"fr-FR\",\"@id\":\"https:\/\/www.plaisance-citoyenne.fr\/site\/conseil-municipal-du-15-fevrier-2023\/#primaryimage\",\"url\":\"https:\/\/www.plaisance-citoyenne.fr\/site\/wp-content\/uploads\/2023\/02\/limitations_vitesses-sup-30kmh.png\",\"contentUrl\":\"https:\/\/www.plaisance-citoyenne.fr\/site\/wp-content\/uploads\/2023\/02\/limitations_vitesses-sup-30kmh.png\",\"width\":1753,\"height\":1240},{\"@type\":\"BreadcrumbList\",\"@id\":\"https:\/\/www.plaisance-citoyenne.fr\/site\/conseil-municipal-du-15-fevrier-2023\/#breadcrumb\",\"itemListElement\":[{\"@type\":\"ListItem\",\"position\":1,\"name\":\"Accueil\",\"item\":\"https:\/\/www.plaisance-citoyenne.fr\/site\/\"},{\"@type\":\"ListItem\",\"position\":2,\"name\":\"Conseil municipal du 15 f\u00e9vrier 2023\"}]},{\"@type\":\"WebSite\",\"@id\":\"https:\/\/www.plaisance-citoyenne.fr\/site\/#website\",\"url\":\"https:\/\/www.plaisance-citoyenne.fr\/site\/\",\"name\":\"Plaisance Citoyenne\",\"description\":\"Et si demain on changeait de gouvernance ?\",\"publisher\":{\"@id\":\"https:\/\/www.plaisance-citoyenne.fr\/site\/#organization\"},\"potentialAction\":[{\"@type\":\"SearchAction\",\"target\":{\"@type\":\"EntryPoint\",\"urlTemplate\":\"https:\/\/www.plaisance-citoyenne.fr\/site\/?s={search_term_string}\"},\"query-input\":{\"@type\":\"PropertyValueSpecification\",\"valueRequired\":true,\"valueName\":\"search_term_string\"}}],\"inLanguage\":\"fr-FR\"},{\"@type\":\"Organization\",\"@id\":\"https:\/\/www.plaisance-citoyenne.fr\/site\/#organization\",\"name\":\"Plaisance Citoyenne\",\"url\":\"https:\/\/www.plaisance-citoyenne.fr\/site\/\",\"logo\":{\"@type\":\"ImageObject\",\"inLanguage\":\"fr-FR\",\"@id\":\"https:\/\/www.plaisance-citoyenne.fr\/site\/#\/schema\/logo\/image\/\",\"url\":\"https:\/\/www.plaisance-citoyenne.fr\/site\/wp-content\/uploads\/2025\/08\/cropped-logo-1.png\",\"contentUrl\":\"https:\/\/www.plaisance-citoyenne.fr\/site\/wp-content\/uploads\/2025\/08\/cropped-logo-1.png\",\"width\":512,\"height\":341,\"caption\":\"Plaisance Citoyenne\"},\"image\":{\"@id\":\"https:\/\/www.plaisance-citoyenne.fr\/site\/#\/schema\/logo\/image\/\"},\"sameAs\":[\"https:\/\/www.facebook.com\/plaisancecitoyenne\/\",\"https:\/\/www.instagram.com\/plaisancecitoyenne\/\"]},{\"@type\":\"Person\",\"@id\":\"https:\/\/www.plaisance-citoyenne.fr\/site\/#\/schema\/person\/bb967bad5ad1f5b5ab3108f1ffb7fb1b\",\"name\":\"Jean Fran\u00e7ois Behm\",\"image\":{\"@type\":\"ImageObject\",\"inLanguage\":\"fr-FR\",\"@id\":\"https:\/\/secure.gravatar.com\/avatar\/5d824a1bea0db0d371834bbb6bbdc2bc9db489d9357a658e8c3efbabf4a3ea85?s=96&d=mm&r=g\",\"url\":\"https:\/\/secure.gravatar.com\/avatar\/5d824a1bea0db0d371834bbb6bbdc2bc9db489d9357a658e8c3efbabf4a3ea85?s=96&d=mm&r=g\",\"contentUrl\":\"https:\/\/secure.gravatar.com\/avatar\/5d824a1bea0db0d371834bbb6bbdc2bc9db489d9357a658e8c3efbabf4a3ea85?s=96&d=mm&r=g\",\"caption\":\"Jean Fran\u00e7ois Behm\"},\"url\":\"https:\/\/www.plaisance-citoyenne.fr\/site\/author\/jefbehm\/\"}]}<\/script>\n<!-- \/ Yoast SEO plugin. -->","yoast_head_json":{"title":"Conseil municipal du 15 f\u00e9vrier 2023 - Plaisance Citoyenne","robots":{"index":"index","follow":"follow","max-snippet":"max-snippet:-1","max-image-preview":"max-image-preview:large","max-video-preview":"max-video-preview:-1"},"canonical":"https:\/\/www.plaisance-citoyenne.fr\/site\/conseil-municipal-du-15-fevrier-2023\/","og_locale":"fr_FR","og_type":"article","og_title":"Conseil municipal du 15 f\u00e9vrier 2023 - Plaisance Citoyenne","og_description":"ADMINISTRATION GENERALE &#8211; Adoption du proc\u00e8s-verbal du 24 Janvier 2023&#8211; D\u00e9cisions municipales prises en vertu des dispositions de l\u2019article L 2122-22 du CGCT &#8211; INFORMATION : Etat annuel des indemnit\u00e9s des \u00e9lus municipaux FINANCES &#8211; Budget Primitif 2023 \u2013 Commune &#8211; Vote des taux d&rsquo;imposition 2023 &#8211; Autorisation de Programmes\/Cr\u00e9dits [&hellip;]","og_url":"https:\/\/www.plaisance-citoyenne.fr\/site\/conseil-municipal-du-15-fevrier-2023\/","og_site_name":"Plaisance Citoyenne","article_publisher":"https:\/\/www.facebook.com\/plaisancecitoyenne\/","article_published_time":"2023-02-15T18:24:39+00:00","article_modified_time":"2026-02-18T19:28:37+00:00","og_image":[{"width":1024,"height":724,"url":"https:\/\/www.plaisance-citoyenne.fr\/site\/wp-content\/uploads\/2023\/02\/limitations_vitesses-sup-30kmh-1024x724.png","type":"image\/png"}],"author":"Jean Fran\u00e7ois Behm","twitter_card":"summary_large_image","twitter_misc":{"\u00c9crit par":"Jean Fran\u00e7ois Behm","Dur\u00e9e de lecture estim\u00e9e":"5 minutes"},"schema":{"@context":"https:\/\/schema.org","@graph":[{"@type":"Article","@id":"https:\/\/www.plaisance-citoyenne.fr\/site\/conseil-municipal-du-15-fevrier-2023\/#article","isPartOf":{"@id":"https:\/\/www.plaisance-citoyenne.fr\/site\/conseil-municipal-du-15-fevrier-2023\/"},"author":{"name":"Jean Fran\u00e7ois Behm","@id":"https:\/\/www.plaisance-citoyenne.fr\/site\/#\/schema\/person\/bb967bad5ad1f5b5ab3108f1ffb7fb1b"},"headline":"Conseil municipal du 15 f\u00e9vrier 2023","datePublished":"2023-02-15T18:24:39+00:00","dateModified":"2026-02-18T19:28:37+00:00","mainEntityOfPage":{"@id":"https:\/\/www.plaisance-citoyenne.fr\/site\/conseil-municipal-du-15-fevrier-2023\/"},"wordCount":933,"publisher":{"@id":"https:\/\/www.plaisance-citoyenne.fr\/site\/#organization"},"image":{"@id":"https:\/\/www.plaisance-citoyenne.fr\/site\/conseil-municipal-du-15-fevrier-2023\/#primaryimage"},"thumbnailUrl":"https:\/\/www.plaisance-citoyenne.fr\/site\/wp-content\/uploads\/2023\/02\/limitations_vitesses-sup-30kmh.png","articleSection":["conseils municipaux","Les questions diverses","vie de la commune"],"inLanguage":"fr-FR"},{"@type":"WebPage","@id":"https:\/\/www.plaisance-citoyenne.fr\/site\/conseil-municipal-du-15-fevrier-2023\/","url":"https:\/\/www.plaisance-citoyenne.fr\/site\/conseil-municipal-du-15-fevrier-2023\/","name":"Conseil municipal du 15 f\u00e9vrier 2023 - Plaisance Citoyenne","isPartOf":{"@id":"https:\/\/www.plaisance-citoyenne.fr\/site\/#website"},"primaryImageOfPage":{"@id":"https:\/\/www.plaisance-citoyenne.fr\/site\/conseil-municipal-du-15-fevrier-2023\/#primaryimage"},"image":{"@id":"https:\/\/www.plaisance-citoyenne.fr\/site\/conseil-municipal-du-15-fevrier-2023\/#primaryimage"},"thumbnailUrl":"https:\/\/www.plaisance-citoyenne.fr\/site\/wp-content\/uploads\/2023\/02\/limitations_vitesses-sup-30kmh.png","datePublished":"2023-02-15T18:24:39+00:00","dateModified":"2026-02-18T19:28:37+00:00","breadcrumb":{"@id":"https:\/\/www.plaisance-citoyenne.fr\/site\/conseil-municipal-du-15-fevrier-2023\/#breadcrumb"},"inLanguage":"fr-FR","potentialAction":[{"@type":"ReadAction","target":["https:\/\/www.plaisance-citoyenne.fr\/site\/conseil-municipal-du-15-fevrier-2023\/"]}]},{"@type":"ImageObject","inLanguage":"fr-FR","@id":"https:\/\/www.plaisance-citoyenne.fr\/site\/conseil-municipal-du-15-fevrier-2023\/#primaryimage","url":"https:\/\/www.plaisance-citoyenne.fr\/site\/wp-content\/uploads\/2023\/02\/limitations_vitesses-sup-30kmh.png","contentUrl":"https:\/\/www.plaisance-citoyenne.fr\/site\/wp-content\/uploads\/2023\/02\/limitations_vitesses-sup-30kmh.png","width":1753,"height":1240},{"@type":"BreadcrumbList","@id":"https:\/\/www.plaisance-citoyenne.fr\/site\/conseil-municipal-du-15-fevrier-2023\/#breadcrumb","itemListElement":[{"@type":"ListItem","position":1,"name":"Accueil","item":"https:\/\/www.plaisance-citoyenne.fr\/site\/"},{"@type":"ListItem","position":2,"name":"Conseil municipal du 15 f\u00e9vrier 2023"}]},{"@type":"WebSite","@id":"https:\/\/www.plaisance-citoyenne.fr\/site\/#website","url":"https:\/\/www.plaisance-citoyenne.fr\/site\/","name":"Plaisance Citoyenne","description":"Et si demain on changeait de gouvernance ?","publisher":{"@id":"https:\/\/www.plaisance-citoyenne.fr\/site\/#organization"},"potentialAction":[{"@type":"SearchAction","target":{"@type":"EntryPoint","urlTemplate":"https:\/\/www.plaisance-citoyenne.fr\/site\/?s={search_term_string}"},"query-input":{"@type":"PropertyValueSpecification","valueRequired":true,"valueName":"search_term_string"}}],"inLanguage":"fr-FR"},{"@type":"Organization","@id":"https:\/\/www.plaisance-citoyenne.fr\/site\/#organization","name":"Plaisance Citoyenne","url":"https:\/\/www.plaisance-citoyenne.fr\/site\/","logo":{"@type":"ImageObject","inLanguage":"fr-FR","@id":"https:\/\/www.plaisance-citoyenne.fr\/site\/#\/schema\/logo\/image\/","url":"https:\/\/www.plaisance-citoyenne.fr\/site\/wp-content\/uploads\/2025\/08\/cropped-logo-1.png","contentUrl":"https:\/\/www.plaisance-citoyenne.fr\/site\/wp-content\/uploads\/2025\/08\/cropped-logo-1.png","width":512,"height":341,"caption":"Plaisance Citoyenne"},"image":{"@id":"https:\/\/www.plaisance-citoyenne.fr\/site\/#\/schema\/logo\/image\/"},"sameAs":["https:\/\/www.facebook.com\/plaisancecitoyenne\/","https:\/\/www.instagram.com\/plaisancecitoyenne\/"]},{"@type":"Person","@id":"https:\/\/www.plaisance-citoyenne.fr\/site\/#\/schema\/person\/bb967bad5ad1f5b5ab3108f1ffb7fb1b","name":"Jean Fran\u00e7ois Behm","image":{"@type":"ImageObject","inLanguage":"fr-FR","@id":"https:\/\/secure.gravatar.com\/avatar\/5d824a1bea0db0d371834bbb6bbdc2bc9db489d9357a658e8c3efbabf4a3ea85?s=96&d=mm&r=g","url":"https:\/\/secure.gravatar.com\/avatar\/5d824a1bea0db0d371834bbb6bbdc2bc9db489d9357a658e8c3efbabf4a3ea85?s=96&d=mm&r=g","contentUrl":"https:\/\/secure.gravatar.com\/avatar\/5d824a1bea0db0d371834bbb6bbdc2bc9db489d9357a658e8c3efbabf4a3ea85?s=96&d=mm&r=g","caption":"Jean Fran\u00e7ois Behm"},"url":"https:\/\/www.plaisance-citoyenne.fr\/site\/author\/jefbehm\/"}]}},"jetpack_featured_media_url":"https:\/\/www.plaisance-citoyenne.fr\/site\/wp-content\/uploads\/2023\/02\/limitations_vitesses-sup-30kmh.png","jetpack_sharing_enabled":true,"_links":{"self":[{"href":"https:\/\/www.plaisance-citoyenne.fr\/site\/wp-json\/wp\/v2\/posts\/4174","targetHints":{"allow":["GET"]}}],"collection":[{"href":"https:\/\/www.plaisance-citoyenne.fr\/site\/wp-json\/wp\/v2\/posts"}],"about":[{"href":"https:\/\/www.plaisance-citoyenne.fr\/site\/wp-json\/wp\/v2\/types\/post"}],"author":[{"embeddable":true,"href":"https:\/\/www.plaisance-citoyenne.fr\/site\/wp-json\/wp\/v2\/users\/3"}],"replies":[{"embeddable":true,"href":"https:\/\/www.plaisance-citoyenne.fr\/site\/wp-json\/wp\/v2\/comments?post=4174"}],"version-history":[{"count":1,"href":"https:\/\/www.plaisance-citoyenne.fr\/site\/wp-json\/wp\/v2\/posts\/4174\/revisions"}],"predecessor-version":[{"id":20361,"href":"https:\/\/www.plaisance-citoyenne.fr\/site\/wp-json\/wp\/v2\/posts\/4174\/revisions\/20361"}],"wp:featuredmedia":[{"embeddable":true,"href":"https:\/\/www.plaisance-citoyenne.fr\/site\/wp-json\/wp\/v2\/media\/4172"}],"wp:attachment":[{"href":"https:\/\/www.plaisance-citoyenne.fr\/site\/wp-json\/wp\/v2\/media?parent=4174"}],"wp:term":[{"taxonomy":"category","embeddable":true,"href":"https:\/\/www.plaisance-citoyenne.fr\/site\/wp-json\/wp\/v2\/categories?post=4174"},{"taxonomy":"post_tag","embeddable":true,"href":"https:\/\/www.plaisance-citoyenne.fr\/site\/wp-json\/wp\/v2\/tags?post=4174"}],"curies":[{"name":"wp","href":"https:\/\/api.w.org\/{rel}","templated":true}]}}